{"id":4500,"date":"2026-01-28T11:32:22","date_gmt":"2026-01-28T10:32:22","guid":{"rendered":"https:\/\/www.radiomais.ao\/?p=4500"},"modified":"2026-01-28T11:32:22","modified_gmt":"2026-01-28T10:32:22","slug":"pgr-admite-que-transformacao-digital-trave-vazamento-de-documentos-para-as-redes-sociais","status":"publish","type":"post","link":"https:\/\/www.radiomais.ao\/index.php\/2026\/01\/28\/pgr-admite-que-transformacao-digital-trave-vazamento-de-documentos-para-as-redes-sociais\/","title":{"rendered":"PGR admite que transforma\u00e7\u00e3o digital trave vazamento de documentos para as redes sociais."},"content":{"rendered":"\n<p><strong>O porta-voz da Procuradoria-Geral da Rep\u00fablica, \u00c1lvaro Jo\u00e3o, diz estar em curso, a n\u00edvel da sua institui\u00e7\u00e3o, um processo de digitaliza\u00e7\u00e3o, consubstanciado na cria\u00e7\u00e3o de um portal para assegurar que n\u00e3o haja vazamento de documentos para as redes sociais. Falando, recentemente, \u00e0 imprensa \u00e0 margem do conselho consultivo da PGR, na cidade do Huambo, o tamb\u00e9m coordenador do projecto de transforma\u00e7\u00e3o digital admite que a plataforma vem conferir mais seguran\u00e7a<\/strong>.<\/p>\n\n\n\n<p>A Procuradoria-Geral da Rep\u00fablica espera blindar-se com tecnologia, de modo a que se combata determinadas pr\u00e1ticas, que, de um tempo para c\u00e1, t\u00eam estado a preocupar aquele \u00f3rg\u00e3o do Minist\u00e9rio P\u00fablico. O porta-voz da Procuradoria-Geral da Rep\u00fablica, \u00c1lvaro Jo\u00e3o, admite estar em curso a constru\u00e7\u00e3o de um portal.<\/p>\n\n\n\n<p>O respons\u00e1vel refere que esse mecanismo visa combater o vazamento de documentos administrativos, fundamentalmente para as redes sociais. Neste particular, a plataforma vem \u201cdar maior seguran\u00e7a\u201d, possibilitando, conforme disse, \u00e0 PGR ter mais controlo da sua comunica\u00e7\u00e3o.<\/p>\n\n\n\n<p>\u201cO processo ainda continua em constru\u00e7\u00e3o. Poderiam perguntar como \u00e9 que as pessoas v\u00e3o ter acesso. Por se tratar de um portal interno, vamos ter um link para determinadas mat\u00e9rias que s\u00e3o do conhecimento p\u00fablico\u201d, prev\u00ea. O procurador \u00c1lvaro Jo\u00e3o admite que o portal vai tratar da vida interna daquela institui\u00e7\u00e3o do Minist\u00e9rio P\u00fablico, de modo a que quest\u00f5es como as de segredo administrativo n\u00e3o sejam colocadas em causa, ao lembrar que \u00e9 um processo normal, face \u00e0 digitaliza\u00e7\u00e3o a que se assistiu um pouco pelo mundo.<\/p>\n","protected":false},"excerpt":{"rendered":"<p>O porta-voz da Procuradoria-Geral da Rep\u00fablica, \u00c1lvaro Jo\u00e3o, diz estar em curso, a n\u00edvel da sua institui\u00e7\u00e3o, um processo de digitaliza\u00e7\u00e3o, consubstanciado na cria\u00e7\u00e3o de um portal para assegurar que n\u00e3o haja vazamento de documentos para as redes sociais. Falando, recentemente, \u00e0 imprensa \u00e0 margem do conselho consultivo da PGR, na cidade do Huambo, o [&hellip;]<\/p>\n","protected":false},"author":3,"featured_media":4501,"comment_status":"open","ping_status":"open","sticky":false,"template":"","format":"standard","meta":{"footnotes":""},"categories":[16],"tags":[1900,232,1899],"class_list":["post-4500","post","type-post","status-publish","format-standard","has-post-thumbnail","hentry","category-actualidade","tag-dgital","tag-pgr","tag-vazamento-de-documentos"],"blocksy_meta":[],"_links":{"self":[{"href":"https:\/\/www.radiomais.ao\/index.php\/wp-json\/wp\/v2\/posts\/4500","targetHints":{"allow":["GET"]}}],"collection":[{"href":"https:\/\/www.radiomais.ao\/index.php\/wp-json\/wp\/v2\/posts"}],"about":[{"href":"https:\/\/www.radiomais.ao\/index.php\/wp-json\/wp\/v2\/types\/post"}],"author":[{"embeddable":true,"href":"https:\/\/www.radiomais.ao\/index.php\/wp-json\/wp\/v2\/users\/3"}],"replies":[{"embeddable":true,"href":"https:\/\/www.radiomais.ao\/index.php\/wp-json\/wp\/v2\/comments?post=4500"}],"version-history":[{"count":1,"href":"https:\/\/www.radiomais.ao\/index.php\/wp-json\/wp\/v2\/posts\/4500\/revisions"}],"predecessor-version":[{"id":4502,"href":"https:\/\/www.radiomais.ao\/index.php\/wp-json\/wp\/v2\/posts\/4500\/revisions\/4502"}],"wp:featuredmedia":[{"embeddable":true,"href":"https:\/\/www.radiomais.ao\/index.php\/wp-json\/wp\/v2\/media\/4501"}],"wp:attachment":[{"href":"https:\/\/www.radiomais.ao\/index.php\/wp-json\/wp\/v2\/media?parent=4500"}],"wp:term":[{"taxonomy":"category","embeddable":true,"href":"https:\/\/www.radiomais.ao\/index.php\/wp-json\/wp\/v2\/categories?post=4500"},{"taxonomy":"post_tag","embeddable":true,"href":"https:\/\/www.radiomais.ao\/index.php\/wp-json\/wp\/v2\/tags?post=4500"}],"curies":[{"name":"wp","href":"https:\/\/api.w.org\/{rel}","templated":true}]}}