{"id":4503,"date":"2026-01-28T14:07:56","date_gmt":"2026-01-28T13:07:56","guid":{"rendered":"https:\/\/www.radiomais.ao\/?p=4503"},"modified":"2026-01-28T14:07:56","modified_gmt":"2026-01-28T13:07:56","slug":"angola-assinala-a-4-de-fevereiro-os-65-anos-do-inicio-da-luta-de-libertacao-nacional","status":"publish","type":"post","link":"https:\/\/www.radiomais.ao\/index.php\/2026\/01\/28\/angola-assinala-a-4-de-fevereiro-os-65-anos-do-inicio-da-luta-de-libertacao-nacional\/","title":{"rendered":"Angola assinala a 4 de Fevereiro, os 65 anos do in\u00edcio da Luta de liberta\u00e7\u00e3o Nacional."},"content":{"rendered":"\n<p>A 4 de Fevereiro, Angola n\u00e3o recorda apenas uma data, revive um grito.<\/p>\n\n\n\n<p><br>Um grito de coragem, de dor e de esperan\u00e7a que rasgou o sil\u00eancio do colonialismo e abriu o caminho para a liberdade. Em 1961, homens e mulheres comuns tornaram-se gigantes da Hist\u00f3ria, armados n\u00e3o s\u00f3 de coragem, mas de um amor profundo pela p\u00e1tria.<\/p>\n\n\n\n<p>Hoje, mais de seis d\u00e9cadas depois, ainda ecoam os passos daqueles que ousaram dizer <strong>basta<\/strong>. Sobreviventes desse dia maior voltam a falar, n\u00e3o como v\u00edtimas do passado, mas como <strong>testemunhas vivas da funda\u00e7\u00e3o da na\u00e7\u00e3o<\/strong>. As suas vozes s\u00e3o rel\u00edquias, os seus relatos s\u00e3o patrim\u00f3nio imaterial de Angola.<\/p>\n\n\n<div \n    class=\"align wp-block-scb-sound-cloud\"    id=\"scbSoundCloud-1\"\n    data-attributes='{&quot;cId&quot;:&quot;a1bdfcfd-b&quot;,&quot;tracks&quot;:[{&quot;url&quot;:&quot;https:\\\/\\\/soundcloud.com\\\/radio-mais-luanda\\\/angola-assinala-a-4-de-fevereiro-os-65-anos-do-inicio-da-luta-de-libertacao-nacional?si=de23dba94a14490d88e95155b0511e97&amp;utm_source=clipboard&amp;utm_medium=text&amp;utm_campaign=social_sharing&quot;,&quot;startTrack&quot;:0}],&quot;alignment&quot;:&quot;center&quot;,&quot;align&quot;:&quot;&quot;,&quot;options&quot;:{&quot;isAutoPlay&quot;:true,&quot;color&quot;:&quot;#f50&quot;,&quot;isBuying&quot;:true,&quot;isSharing&quot;:true,&quot;isDownload&quot;:true,&quot;isArtWork&quot;:true,&quot;isPlayCount&quot;:true,&quot;isUser&quot;:true,&quot;isSingleActive&quot;:true,&quot;isComments&quot;:true,&quot;isVisual&quot;:false,&quot;isTeaser&quot;:false,&quot;isHideRelated&quot;:false},&quot;iframeStyle&quot;:{&quot;width&quot;:&quot;100%&quot;,&quot;height&quot;:&quot;170px&quot;},&quot;frameBorder&quot;:{&quot;color&quot;:&quot;#000&quot;,&quot;style&quot;:&quot;solid&quot;,&quot;width&quot;:&quot;1px&quot;},&quot;frameBRadius&quot;:{&quot;top&quot;:&quot;3px&quot;,&quot;bottom&quot;:&quot;3px&quot;,&quot;left&quot;:&quot;3px&quot;,&quot;right&quot;:&quot;3px&quot;},&quot;frameBoxShadow&quot;:[]}'>\n<\/div>\n\n \n      ","protected":false},"excerpt":{"rendered":"<p>A 4 de Fevereiro, Angola n\u00e3o recorda apenas uma data, revive um grito. Um grito de coragem, de dor e de esperan\u00e7a que rasgou o sil\u00eancio do colonialismo e abriu o caminho para a liberdade. Em 1961, homens e mulheres comuns tornaram-se gigantes da Hist\u00f3ria, armados n\u00e3o s\u00f3 de coragem, mas de um amor profundo [&hellip;]<\/p>\n","protected":false},"author":3,"featured_media":4504,"comment_status":"open","ping_status":"open","sticky":false,"template":"","format":"standard","meta":{"footnotes":""},"categories":[16],"tags":[1901,1902],"class_list":["post-4503","post","type-post","status-publish","format-standard","has-post-thumbnail","hentry","category-actualidade","tag-4-de-fevereiro","tag-inicio-da-luta-de-libertacao-nacinal"],"blocksy_meta":[],"_links":{"self":[{"href":"https:\/\/www.radiomais.ao\/index.php\/wp-json\/wp\/v2\/posts\/4503","targetHints":{"allow":["GET"]}}],"collection":[{"href":"https:\/\/www.radiomais.ao\/index.php\/wp-json\/wp\/v2\/posts"}],"about":[{"href":"https:\/\/www.radiomais.ao\/index.php\/wp-json\/wp\/v2\/types\/post"}],"author":[{"embeddable":true,"href":"https:\/\/www.radiomais.ao\/index.php\/wp-json\/wp\/v2\/users\/3"}],"replies":[{"embeddable":true,"href":"https:\/\/www.radiomais.ao\/index.php\/wp-json\/wp\/v2\/comments?post=4503"}],"version-history":[{"count":1,"href":"https:\/\/www.radiomais.ao\/index.php\/wp-json\/wp\/v2\/posts\/4503\/revisions"}],"predecessor-version":[{"id":4505,"href":"https:\/\/www.radiomais.ao\/index.php\/wp-json\/wp\/v2\/posts\/4503\/revisions\/4505"}],"wp:featuredmedia":[{"embeddable":true,"href":"https:\/\/www.radiomais.ao\/index.php\/wp-json\/wp\/v2\/media\/4504"}],"wp:attachment":[{"href":"https:\/\/www.radiomais.ao\/index.php\/wp-json\/wp\/v2\/media?parent=4503"}],"wp:term":[{"taxonomy":"category","embeddable":true,"href":"https:\/\/www.radiomais.ao\/index.php\/wp-json\/wp\/v2\/categories?post=4503"},{"taxonomy":"post_tag","embeddable":true,"href":"https:\/\/www.radiomais.ao\/index.php\/wp-json\/wp\/v2\/tags?post=4503"}],"curies":[{"name":"wp","href":"https:\/\/api.w.org\/{rel}","templated":true}]}}