{"id":4506,"date":"2026-01-28T14:23:36","date_gmt":"2026-01-28T13:23:36","guid":{"rendered":"https:\/\/www.radiomais.ao\/?p=4506"},"modified":"2026-01-28T14:23:36","modified_gmt":"2026-01-28T13:23:36","slug":"angola-doa-75-toneladas-de-produtos-diversos-a-mocambique","status":"publish","type":"post","link":"https:\/\/www.radiomais.ao\/index.php\/2026\/01\/28\/angola-doa-75-toneladas-de-produtos-diversos-a-mocambique\/","title":{"rendered":"Angola doa 75 toneladas de produtos diversos a Mo\u00e7ambique."},"content":{"rendered":"\n<p>O Governo angolano entregou ontem a Mo\u00e7ambique 20 toneladas de produtos diversos, de um apoio total previsto de 75 toneladas para as v\u00edtimas das cheias no pa\u00eds.<\/p>\n\n\n\n<p>O secret\u00e1rio de Estado para Sa\u00fade p\u00fablica, em Angola, Carlos Alberto de Sousa assegurou que hoje chega um outro lote, com objectivo de minimizar as dificuldades causadas pelas cheias em Mo\u00e7ambique.<\/p>\n\n\n<div \n    class=\"align wp-block-scb-sound-cloud\"    id=\"scbSoundCloud-1\"\n    data-attributes='{&quot;cId&quot;:&quot;535ff513-a&quot;,&quot;tracks&quot;:[{&quot;url&quot;:&quot;https:\\\/\\\/soundcloud.com\\\/radio-mais-luanda\\\/angola-doa-70-tonelada-de-produtos-a-mocambique?si=16ee34d058364e8bab1efd1afb1a7e36&amp;utm_source=clipboard&amp;utm_medium=text&amp;utm_campaign=social_sharing&quot;,&quot;startTrack&quot;:0}],&quot;alignment&quot;:&quot;center&quot;,&quot;align&quot;:&quot;&quot;,&quot;options&quot;:{&quot;isAutoPlay&quot;:true,&quot;color&quot;:&quot;#f50&quot;,&quot;isBuying&quot;:true,&quot;isSharing&quot;:true,&quot;isDownload&quot;:true,&quot;isArtWork&quot;:true,&quot;isPlayCount&quot;:true,&quot;isUser&quot;:true,&quot;isSingleActive&quot;:true,&quot;isComments&quot;:true,&quot;isVisual&quot;:false,&quot;isTeaser&quot;:false,&quot;isHideRelated&quot;:false},&quot;iframeStyle&quot;:{&quot;width&quot;:&quot;100%&quot;,&quot;height&quot;:&quot;170px&quot;},&quot;frameBorder&quot;:{&quot;color&quot;:&quot;#000&quot;,&quot;style&quot;:&quot;solid&quot;,&quot;width&quot;:&quot;1px&quot;},&quot;frameBRadius&quot;:{&quot;top&quot;:&quot;3px&quot;,&quot;bottom&quot;:&quot;3px&quot;,&quot;left&quot;:&quot;3px&quot;,&quot;right&quot;:&quot;3px&quot;},&quot;frameBoxShadow&quot;:[]}'>\n<\/div>\n\n \n      ","protected":false},"excerpt":{"rendered":"<p>O Governo angolano entregou ontem a Mo\u00e7ambique 20 toneladas de produtos diversos, de um apoio total previsto de 75 toneladas para as v\u00edtimas das cheias no pa\u00eds. O secret\u00e1rio de Estado para Sa\u00fade p\u00fablica, em Angola, Carlos Alberto de Sousa assegurou que hoje chega um outro lote, com objectivo de minimizar as dificuldades causadas pelas [&hellip;]<\/p>\n","protected":false},"author":3,"featured_media":4507,"comment_status":"open","ping_status":"open","sticky":false,"template":"","format":"standard","meta":{"footnotes":""},"categories":[16],"tags":[1904,1903],"class_list":["post-4506","post","type-post","status-publish","format-standard","has-post-thumbnail","hentry","category-actualidade","tag-angola-doa-bens","tag-cheias-de-mocambique"],"blocksy_meta":[],"_links":{"self":[{"href":"https:\/\/www.radiomais.ao\/index.php\/wp-json\/wp\/v2\/posts\/4506","targetHints":{"allow":["GET"]}}],"collection":[{"href":"https:\/\/www.radiomais.ao\/index.php\/wp-json\/wp\/v2\/posts"}],"about":[{"href":"https:\/\/www.radiomais.ao\/index.php\/wp-json\/wp\/v2\/types\/post"}],"author":[{"embeddable":true,"href":"https:\/\/www.radiomais.ao\/index.php\/wp-json\/wp\/v2\/users\/3"}],"replies":[{"embeddable":true,"href":"https:\/\/www.radiomais.ao\/index.php\/wp-json\/wp\/v2\/comments?post=4506"}],"version-history":[{"count":1,"href":"https:\/\/www.radiomais.ao\/index.php\/wp-json\/wp\/v2\/posts\/4506\/revisions"}],"predecessor-version":[{"id":4508,"href":"https:\/\/www.radiomais.ao\/index.php\/wp-json\/wp\/v2\/posts\/4506\/revisions\/4508"}],"wp:featuredmedia":[{"embeddable":true,"href":"https:\/\/www.radiomais.ao\/index.php\/wp-json\/wp\/v2\/media\/4507"}],"wp:attachment":[{"href":"https:\/\/www.radiomais.ao\/index.php\/wp-json\/wp\/v2\/media?parent=4506"}],"wp:term":[{"taxonomy":"category","embeddable":true,"href":"https:\/\/www.radiomais.ao\/index.php\/wp-json\/wp\/v2\/categories?post=4506"},{"taxonomy":"post_tag","embeddable":true,"href":"https:\/\/www.radiomais.ao\/index.php\/wp-json\/wp\/v2\/tags?post=4506"}],"curies":[{"name":"wp","href":"https:\/\/api.w.org\/{rel}","templated":true}]}}