{"id":4509,"date":"2026-01-28T14:43:46","date_gmt":"2026-01-28T13:43:46","guid":{"rendered":"https:\/\/www.radiomais.ao\/?p=4509"},"modified":"2026-01-28T14:43:46","modified_gmt":"2026-01-28T13:43:46","slug":"mais-de-17-milhoes-de-angolanos-tem-acesso-a-internet","status":"publish","type":"post","link":"https:\/\/www.radiomais.ao\/index.php\/2026\/01\/28\/mais-de-17-milhoes-de-angolanos-tem-acesso-a-internet\/","title":{"rendered":"Mais de 17 milh\u00f5es de angolanos t\u00eam acesso \u00e0 internet."},"content":{"rendered":"\n<p>um n\u00famero que duplicou em poucos anos, impulsionado pelo telem\u00f3vel, pelas redes sociais e pelos servi\u00e7os digitais. Mas o acesso n\u00e3o tem sido acompanhado pelo conhecimento.<\/p>\n\n\n\n<p>A especialista em estrat\u00e9gia e governa\u00e7\u00e3o em ciberseguran\u00e7a, Ana Constantino, alerta que a falta de literacia digital aumenta os riscos para o cidad\u00e3o comum.<\/p>\n\n\n<div \n    class=\"align wp-block-scb-sound-cloud\"    id=\"scbSoundCloud-1\"\n    data-attributes='{&quot;cId&quot;:&quot;d68efd26-8&quot;,&quot;tracks&quot;:[{&quot;url&quot;:&quot;https:\\\/\\\/soundcloud.com\\\/radio-mais-luanda\\\/estima-se-que-mais-de-17-milhoes-de-angolanos-tenham-hoje-acesso-a-internet?si=b00f28b7de1342f3a071e044277e447e&amp;utm_source=clipboard&amp;utm_medium=text&amp;utm_campaign=social_sharing&quot;,&quot;startTrack&quot;:0}],&quot;alignment&quot;:&quot;center&quot;,&quot;align&quot;:&quot;&quot;,&quot;options&quot;:{&quot;isAutoPlay&quot;:true,&quot;color&quot;:&quot;#f50&quot;,&quot;isBuying&quot;:true,&quot;isSharing&quot;:true,&quot;isDownload&quot;:true,&quot;isArtWork&quot;:true,&quot;isPlayCount&quot;:true,&quot;isUser&quot;:true,&quot;isSingleActive&quot;:true,&quot;isComments&quot;:true,&quot;isVisual&quot;:false,&quot;isTeaser&quot;:false,&quot;isHideRelated&quot;:false},&quot;iframeStyle&quot;:{&quot;width&quot;:&quot;100%&quot;,&quot;height&quot;:&quot;170px&quot;},&quot;frameBorder&quot;:{&quot;color&quot;:&quot;#000&quot;,&quot;style&quot;:&quot;solid&quot;,&quot;width&quot;:&quot;1px&quot;},&quot;frameBRadius&quot;:{&quot;top&quot;:&quot;3px&quot;,&quot;bottom&quot;:&quot;3px&quot;,&quot;left&quot;:&quot;3px&quot;,&quot;right&quot;:&quot;3px&quot;},&quot;frameBoxShadow&quot;:[]}'>\n<\/div>\n\n \n      ","protected":false},"excerpt":{"rendered":"<p>um n\u00famero que duplicou em poucos anos, impulsionado pelo telem\u00f3vel, pelas redes sociais e pelos servi\u00e7os digitais. Mas o acesso n\u00e3o tem sido acompanhado pelo conhecimento. A especialista em estrat\u00e9gia e governa\u00e7\u00e3o em ciberseguran\u00e7a, Ana Constantino, alerta que a falta de literacia digital aumenta os riscos para o cidad\u00e3o comum.<\/p>\n","protected":false},"author":3,"featured_media":4510,"comment_status":"open","ping_status":"open","sticky":false,"template":"","format":"standard","meta":{"footnotes":""},"categories":[16],"tags":[1838],"class_list":["post-4509","post","type-post","status-publish","format-standard","has-post-thumbnail","hentry","category-actualidade","tag-ciberseguranca"],"blocksy_meta":[],"_links":{"self":[{"href":"https:\/\/www.radiomais.ao\/index.php\/wp-json\/wp\/v2\/posts\/4509","targetHints":{"allow":["GET"]}}],"collection":[{"href":"https:\/\/www.radiomais.ao\/index.php\/wp-json\/wp\/v2\/posts"}],"about":[{"href":"https:\/\/www.radiomais.ao\/index.php\/wp-json\/wp\/v2\/types\/post"}],"author":[{"embeddable":true,"href":"https:\/\/www.radiomais.ao\/index.php\/wp-json\/wp\/v2\/users\/3"}],"replies":[{"embeddable":true,"href":"https:\/\/www.radiomais.ao\/index.php\/wp-json\/wp\/v2\/comments?post=4509"}],"version-history":[{"count":1,"href":"https:\/\/www.radiomais.ao\/index.php\/wp-json\/wp\/v2\/posts\/4509\/revisions"}],"predecessor-version":[{"id":4511,"href":"https:\/\/www.radiomais.ao\/index.php\/wp-json\/wp\/v2\/posts\/4509\/revisions\/4511"}],"wp:featuredmedia":[{"embeddable":true,"href":"https:\/\/www.radiomais.ao\/index.php\/wp-json\/wp\/v2\/media\/4510"}],"wp:attachment":[{"href":"https:\/\/www.radiomais.ao\/index.php\/wp-json\/wp\/v2\/media?parent=4509"}],"wp:term":[{"taxonomy":"category","embeddable":true,"href":"https:\/\/www.radiomais.ao\/index.php\/wp-json\/wp\/v2\/categories?post=4509"},{"taxonomy":"post_tag","embeddable":true,"href":"https:\/\/www.radiomais.ao\/index.php\/wp-json\/wp\/v2\/tags?post=4509"}],"curies":[{"name":"wp","href":"https:\/\/api.w.org\/{rel}","templated":true}]}}