{"id":4519,"date":"2026-01-29T10:48:30","date_gmt":"2026-01-29T09:48:30","guid":{"rendered":"https:\/\/www.radiomais.ao\/?p=4519"},"modified":"2026-01-29T10:48:30","modified_gmt":"2026-01-29T09:48:30","slug":"embaixador-angolano-apresenta-cartas-credenciais-no-equador","status":"publish","type":"post","link":"https:\/\/www.radiomais.ao\/index.php\/2026\/01\/29\/embaixador-angolano-apresenta-cartas-credenciais-no-equador\/","title":{"rendered":"Embaixador angolano apresenta cartas credenciais no Equador."},"content":{"rendered":"\n<p><strong>O embaixador Manuel Bravo apresentou na Ter\u00e7a-feira ao Presidente do Equador, Daniel Noboa, as Cartas Credenciais que o habilitam como chefe da miss\u00e3o diplom\u00e1tica de Angola neste pa\u00eds sul-americano com estatuto de n\u00e3o-residente<\/strong><\/p>\n\n\n\n<p>Na ocasi\u00e3o, o diplomata angolano transmitiu ao Chefe de Estado equatoriano uma mensagem verbal do Presidente da Rep\u00fablica, Jo\u00e3o Louren\u00e7o, versando sobre o desejo e vontade pol\u00edtica do Governo angolano de dinamizar os hist\u00f3ricos e estreitos la\u00e7os que unem os dois pa\u00edses e o fortalecimento da coopera\u00e7\u00e3o bilateral em mat\u00e9rias de interesse comum.<\/p>\n\n\n\n<p>Manuel Bravo \u00e9 embaixador no Brasil com resid\u00eancia fixa em Bras\u00edlia. Angola e o Equador estabeleceram rela\u00e7\u00f5es diplom\u00e1ticas a 17 de Junho de 1997, atrav\u00e9s de um Protocolo subscrito pelo ent\u00e3o ministro das Rela\u00e7\u00f5es Exteriores, Afonso Van-D\u00fanem Mbinda.<\/p>\n\n\n\n<p>A coopera\u00e7\u00e3o entre os dois Estados abrange sectores como a educa\u00e7\u00e3o, petr\u00f3leo e com\u00e9rcio. Situado no noroeste da Am\u00e9rica do Sul, o Equador assume actualmente a presid\u00eancia rotativa da Comunidade Andina (CAN), um bloco econ\u00f3mico e pol\u00edtico sul- americano criado em 1969 (originalmente Pacto Andino) formado pela Bol\u00edvia, Col\u00f4mbia e o Peru.<\/p>\n","protected":false},"excerpt":{"rendered":"<p>O embaixador Manuel Bravo apresentou na Ter\u00e7a-feira ao Presidente do Equador, Daniel Noboa, as Cartas Credenciais que o habilitam como chefe da miss\u00e3o diplom\u00e1tica de Angola neste pa\u00eds sul-americano com estatuto de n\u00e3o-residente Na ocasi\u00e3o, o diplomata angolano transmitiu ao Chefe de Estado equatoriano uma mensagem verbal do Presidente da Rep\u00fablica, Jo\u00e3o Louren\u00e7o, versando sobre [&hellip;]<\/p>\n","protected":false},"author":3,"featured_media":4520,"comment_status":"open","ping_status":"open","sticky":false,"template":"","format":"standard","meta":{"footnotes":""},"categories":[16],"tags":[1906],"class_list":["post-4519","post","type-post","status-publish","format-standard","has-post-thumbnail","hentry","category-actualidade","tag-embaixador"],"blocksy_meta":[],"_links":{"self":[{"href":"https:\/\/www.radiomais.ao\/index.php\/wp-json\/wp\/v2\/posts\/4519","targetHints":{"allow":["GET"]}}],"collection":[{"href":"https:\/\/www.radiomais.ao\/index.php\/wp-json\/wp\/v2\/posts"}],"about":[{"href":"https:\/\/www.radiomais.ao\/index.php\/wp-json\/wp\/v2\/types\/post"}],"author":[{"embeddable":true,"href":"https:\/\/www.radiomais.ao\/index.php\/wp-json\/wp\/v2\/users\/3"}],"replies":[{"embeddable":true,"href":"https:\/\/www.radiomais.ao\/index.php\/wp-json\/wp\/v2\/comments?post=4519"}],"version-history":[{"count":1,"href":"https:\/\/www.radiomais.ao\/index.php\/wp-json\/wp\/v2\/posts\/4519\/revisions"}],"predecessor-version":[{"id":4521,"href":"https:\/\/www.radiomais.ao\/index.php\/wp-json\/wp\/v2\/posts\/4519\/revisions\/4521"}],"wp:featuredmedia":[{"embeddable":true,"href":"https:\/\/www.radiomais.ao\/index.php\/wp-json\/wp\/v2\/media\/4520"}],"wp:attachment":[{"href":"https:\/\/www.radiomais.ao\/index.php\/wp-json\/wp\/v2\/media?parent=4519"}],"wp:term":[{"taxonomy":"category","embeddable":true,"href":"https:\/\/www.radiomais.ao\/index.php\/wp-json\/wp\/v2\/categories?post=4519"},{"taxonomy":"post_tag","embeddable":true,"href":"https:\/\/www.radiomais.ao\/index.php\/wp-json\/wp\/v2\/tags?post=4519"}],"curies":[{"name":"wp","href":"https:\/\/api.w.org\/{rel}","templated":true}]}}