{"id":4522,"date":"2026-01-29T10:50:50","date_gmt":"2026-01-29T09:50:50","guid":{"rendered":"https:\/\/www.radiomais.ao\/?p=4522"},"modified":"2026-01-29T10:50:50","modified_gmt":"2026-01-29T09:50:50","slug":"tribunais-sao-o-pilar-do-estado-democratico-de-direito-defende-juiz-angolano","status":"publish","type":"post","link":"https:\/\/www.radiomais.ao\/index.php\/2026\/01\/29\/tribunais-sao-o-pilar-do-estado-democratico-de-direito-defende-juiz-angolano\/","title":{"rendered":"Tribunais s\u00e3o o pilar do Estado Democr\u00e1tico de Direito, defende juiz angolano."},"content":{"rendered":"\n<p><strong>O juiz conselheiro do Tribunal Supremo de Angola, Artur Gunza, afirmou ontem, em Luanda, que os tribunais constituem os pilares essenciais do Estado Democr\u00e1tico de Direito, na medida em que garantem o cumprimento da Constitui\u00e7\u00e3o, a protec\u00e7\u00e3o dos direitos fundamentais e a interdepend\u00eancia dos \u00f3rg\u00e3os de soberania<\/strong><\/p>\n\n\n\n<p>A falar no workshop subordinado ao tema \u201cO Judici\u00e1rio no Estado de Direito \u2013 di\u00e1logo entre Angola e Brasil\u201d, o magistrado enquadrou a sua interven\u00e7\u00e3o nos artigos 2.\u00ba, 105.\u00ba, 164.\u00ba e 174.\u00ba da Constitui\u00e7\u00e3o da Rep\u00fablica de Angola (CRA), que definem a separa\u00e7\u00e3o de poderes, o lugar dos tribunais no sistema jur\u00eddico e os par\u00e2metros de fiscaliza\u00e7\u00e3o da constitucionalidade.<\/p>\n\n\n\n<p>Artur Gunza listou cinco eixos estruturantes que, segundo o magistrado, d\u00e3o uma compreens\u00e3o melhor do papel da Justi\u00e7a no pa\u00eds, com a defini\u00e7\u00e3o do lugar dos tribunais no Estado de Direito; a legitimidade e a confian\u00e7a p\u00fablica; conquistas e reformas j\u00e1 realizadas; constrangimentos e desafios; perspectivas e reformas futuras.<\/p>\n\n\n\n<p>Entre os avan\u00e7os, destacou a aprova\u00e7\u00e3o dos C\u00f3digos Penal e Processual Penal (2020), a implementa\u00e7\u00e3o dos Tribunais da Rela\u00e7\u00e3o, a cria\u00e7\u00e3o de novas comarcas, a expans\u00e3o dos ju\u00edzes de garantias e o refor\u00e7o da forma\u00e7\u00e3o profissional. Segundo o juiz conselheiro do Tribunal Supremo, a aproxima\u00e7\u00e3o territorial dos tribunais tem reduzido atrasos e custos, ao permitir que as comunidades do interior deixem de percorrer centenas de quil\u00f3metros para aceder \u00e0 Justi\u00e7a.<\/p>\n","protected":false},"excerpt":{"rendered":"<p>O juiz conselheiro do Tribunal Supremo de Angola, Artur Gunza, afirmou ontem, em Luanda, que os tribunais constituem os pilares essenciais do Estado Democr\u00e1tico de Direito, na medida em que garantem o cumprimento da Constitui\u00e7\u00e3o, a protec\u00e7\u00e3o dos direitos fundamentais e a interdepend\u00eancia dos \u00f3rg\u00e3os de soberania A falar no workshop subordinado ao tema \u201cO [&hellip;]<\/p>\n","protected":false},"author":3,"featured_media":4523,"comment_status":"open","ping_status":"open","sticky":false,"template":"","format":"standard","meta":{"footnotes":""},"categories":[16],"tags":[1908,1907],"class_list":["post-4522","post","type-post","status-publish","format-standard","has-post-thumbnail","hentry","category-actualidade","tag-pikar-do-estado","tag-tribunais"],"blocksy_meta":[],"_links":{"self":[{"href":"https:\/\/www.radiomais.ao\/index.php\/wp-json\/wp\/v2\/posts\/4522","targetHints":{"allow":["GET"]}}],"collection":[{"href":"https:\/\/www.radiomais.ao\/index.php\/wp-json\/wp\/v2\/posts"}],"about":[{"href":"https:\/\/www.radiomais.ao\/index.php\/wp-json\/wp\/v2\/types\/post"}],"author":[{"embeddable":true,"href":"https:\/\/www.radiomais.ao\/index.php\/wp-json\/wp\/v2\/users\/3"}],"replies":[{"embeddable":true,"href":"https:\/\/www.radiomais.ao\/index.php\/wp-json\/wp\/v2\/comments?post=4522"}],"version-history":[{"count":1,"href":"https:\/\/www.radiomais.ao\/index.php\/wp-json\/wp\/v2\/posts\/4522\/revisions"}],"predecessor-version":[{"id":4524,"href":"https:\/\/www.radiomais.ao\/index.php\/wp-json\/wp\/v2\/posts\/4522\/revisions\/4524"}],"wp:featuredmedia":[{"embeddable":true,"href":"https:\/\/www.radiomais.ao\/index.php\/wp-json\/wp\/v2\/media\/4523"}],"wp:attachment":[{"href":"https:\/\/www.radiomais.ao\/index.php\/wp-json\/wp\/v2\/media?parent=4522"}],"wp:term":[{"taxonomy":"category","embeddable":true,"href":"https:\/\/www.radiomais.ao\/index.php\/wp-json\/wp\/v2\/categories?post=4522"},{"taxonomy":"post_tag","embeddable":true,"href":"https:\/\/www.radiomais.ao\/index.php\/wp-json\/wp\/v2\/tags?post=4522"}],"curies":[{"name":"wp","href":"https:\/\/api.w.org\/{rel}","templated":true}]}}