{"id":4525,"date":"2026-01-29T10:56:31","date_gmt":"2026-01-29T09:56:31","guid":{"rendered":"https:\/\/www.radiomais.ao\/?p=4525"},"modified":"2026-01-29T10:56:31","modified_gmt":"2026-01-29T09:56:31","slug":"ine-disponibiliza-as-provincias-perfis-socioeconomicos-e-demograficos","status":"publish","type":"post","link":"https:\/\/www.radiomais.ao\/index.php\/2026\/01\/29\/ine-disponibiliza-as-provincias-perfis-socioeconomicos-e-demograficos\/","title":{"rendered":"INE disponibiliza \u00e0s prov\u00edncias perfis socioecon\u00f3micos e demogr\u00e1ficos."},"content":{"rendered":"\n<p><strong>O Instituto Nacional de Estat\u00edstica (INE) informou que, na sequ\u00eancia da divulga\u00e7\u00e3o oficial dos resultados gerais a n\u00edvel nacional do Censo Geral da Popula\u00e7\u00e3o e Habita\u00e7\u00e3o de 2024, no dia 20 de Novembro de 2025, deu in\u00edcio ontem, 28 de Janeiro, em todo o pa\u00eds, ao processo de apresenta\u00e7\u00e3o p\u00fablica dos resultados do Censo a n\u00edvel provincial<\/strong>.<\/p>\n\n\n\n<p>O processo, que decorre at\u00e9 ao dia 26 de Fevereiro, mediante programa\u00e7\u00e3o j\u00e1 definida, disponibiliza os perfis socioecon\u00f3micos e demogr\u00e1ficos com toda a informa\u00e7\u00e3o censit\u00e1ria de cada prov\u00edncia que ser\u00e1 colocada \u00e0 disposi\u00e7\u00e3o das administra\u00e7\u00f5es municipais e comunais.<\/p>\n\n\n\n<p>Esta iniciativa inscreve-se na estrat\u00e9gia de consolida\u00e7\u00e3o da governa\u00e7\u00e3o baseada em evid\u00eancias, assegurando que a informa\u00e7\u00e3o estat\u00edstica oficial produzida pelo Sistema Estat\u00edstico Nacional seja progressivamente disponibilizada \u00e0s autoridades e agentes econ\u00f3micos locais, aos \u00f3rg\u00e3os de comunica\u00e7\u00e3o social, \u00e0 comunidade acad\u00e9mica, \u00e0 sociedade em geral, de forma transparente, estruturada e tecnicamente recomendada. Ler mais em <strong><em><a href=\"https:\/\/www.opais.ao\/economia\/ine-disponibiliza-as-provincias-perfis-socioeconomicos-e-demograficos\/\">Opa\u00eds<\/a><\/em><\/strong><\/p>\n","protected":false},"excerpt":{"rendered":"<p>O Instituto Nacional de Estat\u00edstica (INE) informou que, na sequ\u00eancia da divulga\u00e7\u00e3o oficial dos resultados gerais a n\u00edvel nacional do Censo Geral da Popula\u00e7\u00e3o e Habita\u00e7\u00e3o de 2024, no dia 20 de Novembro de 2025, deu in\u00edcio ontem, 28 de Janeiro, em todo o pa\u00eds, ao processo de apresenta\u00e7\u00e3o p\u00fablica dos resultados do Censo a [&hellip;]<\/p>\n","protected":false},"author":3,"featured_media":4526,"comment_status":"open","ping_status":"open","sticky":false,"template":"","format":"standard","meta":{"footnotes":""},"categories":[16],"tags":[332,1909],"class_list":["post-4525","post","type-post","status-publish","format-standard","has-post-thumbnail","hentry","category-actualidade","tag-ine","tag-perfis-socioeconomicos-e-demograficos"],"blocksy_meta":[],"_links":{"self":[{"href":"https:\/\/www.radiomais.ao\/index.php\/wp-json\/wp\/v2\/posts\/4525","targetHints":{"allow":["GET"]}}],"collection":[{"href":"https:\/\/www.radiomais.ao\/index.php\/wp-json\/wp\/v2\/posts"}],"about":[{"href":"https:\/\/www.radiomais.ao\/index.php\/wp-json\/wp\/v2\/types\/post"}],"author":[{"embeddable":true,"href":"https:\/\/www.radiomais.ao\/index.php\/wp-json\/wp\/v2\/users\/3"}],"replies":[{"embeddable":true,"href":"https:\/\/www.radiomais.ao\/index.php\/wp-json\/wp\/v2\/comments?post=4525"}],"version-history":[{"count":1,"href":"https:\/\/www.radiomais.ao\/index.php\/wp-json\/wp\/v2\/posts\/4525\/revisions"}],"predecessor-version":[{"id":4527,"href":"https:\/\/www.radiomais.ao\/index.php\/wp-json\/wp\/v2\/posts\/4525\/revisions\/4527"}],"wp:featuredmedia":[{"embeddable":true,"href":"https:\/\/www.radiomais.ao\/index.php\/wp-json\/wp\/v2\/media\/4526"}],"wp:attachment":[{"href":"https:\/\/www.radiomais.ao\/index.php\/wp-json\/wp\/v2\/media?parent=4525"}],"wp:term":[{"taxonomy":"category","embeddable":true,"href":"https:\/\/www.radiomais.ao\/index.php\/wp-json\/wp\/v2\/categories?post=4525"},{"taxonomy":"post_tag","embeddable":true,"href":"https:\/\/www.radiomais.ao\/index.php\/wp-json\/wp\/v2\/tags?post=4525"}],"curies":[{"name":"wp","href":"https:\/\/api.w.org\/{rel}","templated":true}]}}