{"id":4528,"date":"2026-01-29T11:02:57","date_gmt":"2026-01-29T10:02:57","guid":{"rendered":"https:\/\/www.radiomais.ao\/?p=4528"},"modified":"2026-01-29T11:02:57","modified_gmt":"2026-01-29T10:02:57","slug":"governo-de-cabinda-analisa-fomento-do-cacau-com-responsaveis-do-projecto-mamaland","status":"publish","type":"post","link":"https:\/\/www.radiomais.ao\/index.php\/2026\/01\/29\/governo-de-cabinda-analisa-fomento-do-cacau-com-responsaveis-do-projecto-mamaland\/","title":{"rendered":"Governo de Cabinda analisa fomento do cacau com respons\u00e1veis do Projecto Mamaland."},"content":{"rendered":"\n<p>A governadora de Cabinda, Suzana Abreu, recebeu, na manh\u00e3 desta Quinta-feira, os respons\u00e1veis do projecto agr\u00edcola Mamaland, no \u00e2mbito da avalia\u00e7\u00e3o e refor\u00e7o do fomento da produ\u00e7\u00e3o de cacau nos munic\u00edpios de Cacongo e Necuto.<\/p>\n\n\n\n<p>Durante o encontro, os promotores do projecto apresentaram o ponto de situa\u00e7\u00e3o das actividades em curso, destacando as ac\u00e7\u00f5es desenvolvidas junto das comunidades locais para o incentivo ao cultivo do cacau, bem como as perspectivas de crescimento da produ\u00e7\u00e3o na prov\u00edncia.<\/p>\n\n\n\n<p>Na ocasi\u00e3o, a governadora provincial incentivou os respons\u00e1veis do projecto a continuarem a trabalhar de forma coordenada e sustent\u00e1vel, sublinhando que os resultados do fomento agr\u00edcola poder\u00e3o criar condi\u00e7\u00f5es para o surgimento de uma futura ind\u00fastria de cacau em Cabinda, contribuindo para a diversifica\u00e7\u00e3o da economia local.<\/p>\n\n\n\n<p>Em declara\u00e7\u00f5es \u00e0 imprensa, Jo\u00e3o Magalh\u00e3es afirmou que o projecto agr\u00edcola Mamaland, promovido pela empresa Mota-Engil, prev\u00ea gerar diversos benef\u00edcios econ\u00f3micos e sociais para a prov\u00edncia de Cabinda, com impacto directo na produ\u00e7\u00e3o agr\u00edcola e na melhoria das condi\u00e7\u00f5es de vida das popula\u00e7\u00f5es envolvidas.<\/p>\n","protected":false},"excerpt":{"rendered":"<p>A governadora de Cabinda, Suzana Abreu, recebeu, na manh\u00e3 desta Quinta-feira, os respons\u00e1veis do projecto agr\u00edcola Mamaland, no \u00e2mbito da avalia\u00e7\u00e3o e refor\u00e7o do fomento da produ\u00e7\u00e3o de cacau nos munic\u00edpios de Cacongo e Necuto. Durante o encontro, os promotores do projecto apresentaram o ponto de situa\u00e7\u00e3o das actividades em curso, destacando as ac\u00e7\u00f5es desenvolvidas [&hellip;]<\/p>\n","protected":false},"author":3,"featured_media":4529,"comment_status":"open","ping_status":"open","sticky":false,"template":"","format":"standard","meta":{"footnotes":""},"categories":[16],"tags":[1911,1910,312],"class_list":["post-4528","post","type-post","status-publish","format-standard","has-post-thumbnail","hentry","category-actualidade","tag-analise","tag-cacau-de-cabinda","tag-governo"],"blocksy_meta":[],"_links":{"self":[{"href":"https:\/\/www.radiomais.ao\/index.php\/wp-json\/wp\/v2\/posts\/4528","targetHints":{"allow":["GET"]}}],"collection":[{"href":"https:\/\/www.radiomais.ao\/index.php\/wp-json\/wp\/v2\/posts"}],"about":[{"href":"https:\/\/www.radiomais.ao\/index.php\/wp-json\/wp\/v2\/types\/post"}],"author":[{"embeddable":true,"href":"https:\/\/www.radiomais.ao\/index.php\/wp-json\/wp\/v2\/users\/3"}],"replies":[{"embeddable":true,"href":"https:\/\/www.radiomais.ao\/index.php\/wp-json\/wp\/v2\/comments?post=4528"}],"version-history":[{"count":1,"href":"https:\/\/www.radiomais.ao\/index.php\/wp-json\/wp\/v2\/posts\/4528\/revisions"}],"predecessor-version":[{"id":4530,"href":"https:\/\/www.radiomais.ao\/index.php\/wp-json\/wp\/v2\/posts\/4528\/revisions\/4530"}],"wp:featuredmedia":[{"embeddable":true,"href":"https:\/\/www.radiomais.ao\/index.php\/wp-json\/wp\/v2\/media\/4529"}],"wp:attachment":[{"href":"https:\/\/www.radiomais.ao\/index.php\/wp-json\/wp\/v2\/media?parent=4528"}],"wp:term":[{"taxonomy":"category","embeddable":true,"href":"https:\/\/www.radiomais.ao\/index.php\/wp-json\/wp\/v2\/categories?post=4528"},{"taxonomy":"post_tag","embeddable":true,"href":"https:\/\/www.radiomais.ao\/index.php\/wp-json\/wp\/v2\/tags?post=4528"}],"curies":[{"name":"wp","href":"https:\/\/api.w.org\/{rel}","templated":true}]}}