{"id":4531,"date":"2026-01-29T11:15:18","date_gmt":"2026-01-29T10:15:18","guid":{"rendered":"https:\/\/www.radiomais.ao\/?p=4531"},"modified":"2026-01-29T11:15:18","modified_gmt":"2026-01-29T10:15:18","slug":"executivo-cria-sociedade-para-o-corredor-do-lobito","status":"publish","type":"post","link":"https:\/\/www.radiomais.ao\/index.php\/2026\/01\/29\/executivo-cria-sociedade-para-o-corredor-do-lobito\/","title":{"rendered":"Executivo cria sociedade para o Corredor do Lobito."},"content":{"rendered":"\n<p><strong>O Conselho de Ministros (CM) apreciou, nesta Quarta-feira, em Luanda, o Projecto de Decreto Presidencial que autoriza a cria\u00e7\u00e3o da Sociedade de Desenvolvimento do Corredor do Lobito, para a administra\u00e7\u00e3o, coordena\u00e7\u00e3o, supervis\u00e3o e promo\u00e7\u00e3o das actividades de desenvolvimento econ\u00f3mico desta infra- estrutura<\/strong><\/p>\n\n\n\n<p>A informa\u00e7\u00e3o vem expressa no comunicado de imprensa da 1.\u00aa Sess\u00e3o Ordin\u00e1ria do Conselho de Ministros deste ano, realizada no Pal\u00e1cio Presidencial, sob orienta\u00e7\u00e3o do Titular do Poder Executivo, Jo\u00e3o Louren\u00e7o. A futura sociedade, com sede no munic\u00edpio do Lobito, prov\u00edncia de Benguela, visa transformar o Corredor do Lobito numa efectiva infra-estrutura de desenvolvimento.<\/p>\n\n\n\n<p>Segundo o documento, o objectivo da cria\u00e7\u00e3o da sociedade de \u00e2mbito p\u00fablico \u00e9 atrair investimentos estrat\u00e9gicos nos sectores da agricultura, ind\u00fastria, turismo e servi\u00e7os, refor\u00e7ar a competitividade do pa\u00eds, gerar empregos e promover a transfer\u00eancia de conhecimento e tecnologia.<\/p>\n\n\n\n<p>Na sess\u00e3o, o \u00d3rg\u00e3o Colegial apreciou tamb\u00e9m, para remessa \u00e0 Assembleia Nacional, a Proposta de Lei que aprova o Regime Jur\u00eddico do Financiamento Colaborativo, que tem como objectivo criar formas alternativas de financiamento para empresas e agentes econ\u00f3micos atrav\u00e9s de plataformas electr\u00f3nicas.<\/p>\n","protected":false},"excerpt":{"rendered":"<p>O Conselho de Ministros (CM) apreciou, nesta Quarta-feira, em Luanda, o Projecto de Decreto Presidencial que autoriza a cria\u00e7\u00e3o da Sociedade de Desenvolvimento do Corredor do Lobito, para a administra\u00e7\u00e3o, coordena\u00e7\u00e3o, supervis\u00e3o e promo\u00e7\u00e3o das actividades de desenvolvimento econ\u00f3mico desta infra- estrutura A informa\u00e7\u00e3o vem expressa no comunicado de imprensa da 1.\u00aa Sess\u00e3o Ordin\u00e1ria do [&hellip;]<\/p>\n","protected":false},"author":3,"featured_media":4532,"comment_status":"open","ping_status":"open","sticky":false,"template":"","format":"standard","meta":{"footnotes":""},"categories":[16],"tags":[1034,199],"class_list":["post-4531","post","type-post","status-publish","format-standard","has-post-thumbnail","hentry","category-actualidade","tag-corredor-do-lobito","tag-executivo"],"blocksy_meta":[],"_links":{"self":[{"href":"https:\/\/www.radiomais.ao\/index.php\/wp-json\/wp\/v2\/posts\/4531","targetHints":{"allow":["GET"]}}],"collection":[{"href":"https:\/\/www.radiomais.ao\/index.php\/wp-json\/wp\/v2\/posts"}],"about":[{"href":"https:\/\/www.radiomais.ao\/index.php\/wp-json\/wp\/v2\/types\/post"}],"author":[{"embeddable":true,"href":"https:\/\/www.radiomais.ao\/index.php\/wp-json\/wp\/v2\/users\/3"}],"replies":[{"embeddable":true,"href":"https:\/\/www.radiomais.ao\/index.php\/wp-json\/wp\/v2\/comments?post=4531"}],"version-history":[{"count":1,"href":"https:\/\/www.radiomais.ao\/index.php\/wp-json\/wp\/v2\/posts\/4531\/revisions"}],"predecessor-version":[{"id":4533,"href":"https:\/\/www.radiomais.ao\/index.php\/wp-json\/wp\/v2\/posts\/4531\/revisions\/4533"}],"wp:featuredmedia":[{"embeddable":true,"href":"https:\/\/www.radiomais.ao\/index.php\/wp-json\/wp\/v2\/media\/4532"}],"wp:attachment":[{"href":"https:\/\/www.radiomais.ao\/index.php\/wp-json\/wp\/v2\/media?parent=4531"}],"wp:term":[{"taxonomy":"category","embeddable":true,"href":"https:\/\/www.radiomais.ao\/index.php\/wp-json\/wp\/v2\/categories?post=4531"},{"taxonomy":"post_tag","embeddable":true,"href":"https:\/\/www.radiomais.ao\/index.php\/wp-json\/wp\/v2\/tags?post=4531"}],"curies":[{"name":"wp","href":"https:\/\/api.w.org\/{rel}","templated":true}]}}