{"id":4534,"date":"2026-01-29T11:19:23","date_gmt":"2026-01-29T10:19:23","guid":{"rendered":"https:\/\/www.radiomais.ao\/?p=4534"},"modified":"2026-01-29T11:19:23","modified_gmt":"2026-01-29T10:19:23","slug":"national-geographic-nomeia-angola-como-um-dos-destinos-a-visitar-em-2026","status":"publish","type":"post","link":"https:\/\/www.radiomais.ao\/index.php\/2026\/01\/29\/national-geographic-nomeia-angola-como-um-dos-destinos-a-visitar-em-2026\/","title":{"rendered":"\u200eNational Geographic nomeia Angola como um dos destinos a visitar em 2026."},"content":{"rendered":"\n<p>\u200eA National Geographic, empresa norte-americana, selecionou Angola para concorrer na categoria \u201cMelhor Destino Internacional\u201d para o presente ano, num concurso de cerca de 98 finalistas, distribu\u00eddos por 14 categorias, ao lado de pa\u00edses com forte projec\u00e7\u00e3o tur\u00edstica mundial.<br>\u200e<br>\u200eOs aspectos apreciados pela organiza\u00e7\u00e3o do evento, que permitiram a nomea\u00e7\u00e3o do nosso pa\u00eds, resulta de crit\u00e9rios como a riqueza da biodiversidade, as paisagens naturais \u00fanicas, a diversidade cultural, a autenticidade dos povos, bem como o patrim\u00f3nio hist\u00f3rico e cultural.<br>\u200e<br>\u200eSegundo soube este jornal, a vota\u00e7\u00e3o estar\u00e1 aberta ao p\u00fablico at\u00e9 ao dia 22 de fevereiro, e pode ser feita atrav\u00e9s do site viajes.nationalgeographic.com.es.<br>\u200e<br>\u200eDe acordo com o Minist\u00e9rio do Turismo, a nomea\u00e7\u00e3o de Angola ao pr\u00e9mio simboliza uma oportunidade estrat\u00e9gica para ampliar a visibilidade do nosso pa\u00eds nos principais mercados internacionais e consolidar a sua posi\u00e7\u00e3o como refer\u00eancia tur\u00edstica em \u00c1frica e no mundo.<\/p>\n","protected":false},"excerpt":{"rendered":"<p>\u200eA National Geographic, empresa norte-americana, selecionou Angola para concorrer na categoria \u201cMelhor Destino Internacional\u201d para o presente ano, num concurso de cerca de 98 finalistas, distribu\u00eddos por 14 categorias, ao lado de pa\u00edses com forte projec\u00e7\u00e3o tur\u00edstica mundial.\u200e\u200eOs aspectos apreciados pela organiza\u00e7\u00e3o do evento, que permitiram a nomea\u00e7\u00e3o do nosso pa\u00eds, resulta de crit\u00e9rios como [&hellip;]<\/p>\n","protected":false},"author":3,"featured_media":4535,"comment_status":"open","ping_status":"open","sticky":false,"template":"","format":"standard","meta":{"footnotes":""},"categories":[16],"tags":[1912,1913],"class_list":["post-4534","post","type-post","status-publish","format-standard","has-post-thumbnail","hentry","category-actualidade","tag-national-geographic","tag-visita-angola"],"blocksy_meta":[],"_links":{"self":[{"href":"https:\/\/www.radiomais.ao\/index.php\/wp-json\/wp\/v2\/posts\/4534","targetHints":{"allow":["GET"]}}],"collection":[{"href":"https:\/\/www.radiomais.ao\/index.php\/wp-json\/wp\/v2\/posts"}],"about":[{"href":"https:\/\/www.radiomais.ao\/index.php\/wp-json\/wp\/v2\/types\/post"}],"author":[{"embeddable":true,"href":"https:\/\/www.radiomais.ao\/index.php\/wp-json\/wp\/v2\/users\/3"}],"replies":[{"embeddable":true,"href":"https:\/\/www.radiomais.ao\/index.php\/wp-json\/wp\/v2\/comments?post=4534"}],"version-history":[{"count":1,"href":"https:\/\/www.radiomais.ao\/index.php\/wp-json\/wp\/v2\/posts\/4534\/revisions"}],"predecessor-version":[{"id":4536,"href":"https:\/\/www.radiomais.ao\/index.php\/wp-json\/wp\/v2\/posts\/4534\/revisions\/4536"}],"wp:featuredmedia":[{"embeddable":true,"href":"https:\/\/www.radiomais.ao\/index.php\/wp-json\/wp\/v2\/media\/4535"}],"wp:attachment":[{"href":"https:\/\/www.radiomais.ao\/index.php\/wp-json\/wp\/v2\/media?parent=4534"}],"wp:term":[{"taxonomy":"category","embeddable":true,"href":"https:\/\/www.radiomais.ao\/index.php\/wp-json\/wp\/v2\/categories?post=4534"},{"taxonomy":"post_tag","embeddable":true,"href":"https:\/\/www.radiomais.ao\/index.php\/wp-json\/wp\/v2\/tags?post=4534"}],"curies":[{"name":"wp","href":"https:\/\/api.w.org\/{rel}","templated":true}]}}