{"id":4537,"date":"2026-01-29T11:24:24","date_gmt":"2026-01-29T10:24:24","guid":{"rendered":"https:\/\/www.radiomais.ao\/?p=4537"},"modified":"2026-01-29T11:24:24","modified_gmt":"2026-01-29T10:24:24","slug":"julgamento-do-caso-agt-e-suspenso-por-oito-dias","status":"publish","type":"post","link":"https:\/\/www.radiomais.ao\/index.php\/2026\/01\/29\/julgamento-do-caso-agt-e-suspenso-por-oito-dias\/","title":{"rendered":"Julgamento do \u201cCaso AGT\u201d \u00e9 suspenso por oito dias."},"content":{"rendered":"\n<p>A Ordem dos Advogados de Angola (OAA) anunciou, nesta Quinta-feira, a suspens\u00e3o por oito dias do julgamento do Processo n.\u00ba 1954\/025-C, conhecido publicamente como \u201cCaso AGT\u201d, na sequ\u00eancia de dilig\u00eancias institucionais destinadas a garantir a normalidade processual e o pleno exerc\u00edcio do direito de defesa.<\/p>\n\n\n\n<p>De acordo com a institui\u00e7\u00e3o, a decis\u00e3o resulta de uma articula\u00e7\u00e3o entre a OAA e o juiz presidente do Conselho Superior da Magistratura Judicial e do Tribunal Supremo, com interven\u00e7\u00e3o directa do baston\u00e1rio da Ordem.<\/p>\n\n\n\n<p>No \u00e2mbito desta decis\u00e3o, o julgamento ficar\u00e1 suspenso e o processo ser\u00e1 disponibilizado aos advogados de defesa para consulta integral num per\u00edodo de oito dias.<\/p>\n\n\n\n<p>Segundo a Ordem dos Advogados, a medida visa assegurar o exerc\u00edcio efectivo e pleno do direito de defesa, em conformidade com os princ\u00edpios constitucionais e processuais.<\/p>\n","protected":false},"excerpt":{"rendered":"<p>A Ordem dos Advogados de Angola (OAA) anunciou, nesta Quinta-feira, a suspens\u00e3o por oito dias do julgamento do Processo n.\u00ba 1954\/025-C, conhecido publicamente como \u201cCaso AGT\u201d, na sequ\u00eancia de dilig\u00eancias institucionais destinadas a garantir a normalidade processual e o pleno exerc\u00edcio do direito de defesa. De acordo com a institui\u00e7\u00e3o, a decis\u00e3o resulta de uma [&hellip;]<\/p>\n","protected":false},"author":3,"featured_media":4538,"comment_status":"open","ping_status":"open","sticky":false,"template":"","format":"standard","meta":{"footnotes":""},"categories":[16],"tags":[659,1914],"class_list":["post-4537","post","type-post","status-publish","format-standard","has-post-thumbnail","hentry","category-actualidade","tag-caso-agt","tag-suspenso"],"blocksy_meta":[],"_links":{"self":[{"href":"https:\/\/www.radiomais.ao\/index.php\/wp-json\/wp\/v2\/posts\/4537","targetHints":{"allow":["GET"]}}],"collection":[{"href":"https:\/\/www.radiomais.ao\/index.php\/wp-json\/wp\/v2\/posts"}],"about":[{"href":"https:\/\/www.radiomais.ao\/index.php\/wp-json\/wp\/v2\/types\/post"}],"author":[{"embeddable":true,"href":"https:\/\/www.radiomais.ao\/index.php\/wp-json\/wp\/v2\/users\/3"}],"replies":[{"embeddable":true,"href":"https:\/\/www.radiomais.ao\/index.php\/wp-json\/wp\/v2\/comments?post=4537"}],"version-history":[{"count":1,"href":"https:\/\/www.radiomais.ao\/index.php\/wp-json\/wp\/v2\/posts\/4537\/revisions"}],"predecessor-version":[{"id":4539,"href":"https:\/\/www.radiomais.ao\/index.php\/wp-json\/wp\/v2\/posts\/4537\/revisions\/4539"}],"wp:featuredmedia":[{"embeddable":true,"href":"https:\/\/www.radiomais.ao\/index.php\/wp-json\/wp\/v2\/media\/4538"}],"wp:attachment":[{"href":"https:\/\/www.radiomais.ao\/index.php\/wp-json\/wp\/v2\/media?parent=4537"}],"wp:term":[{"taxonomy":"category","embeddable":true,"href":"https:\/\/www.radiomais.ao\/index.php\/wp-json\/wp\/v2\/categories?post=4537"},{"taxonomy":"post_tag","embeddable":true,"href":"https:\/\/www.radiomais.ao\/index.php\/wp-json\/wp\/v2\/tags?post=4537"}],"curies":[{"name":"wp","href":"https:\/\/api.w.org\/{rel}","templated":true}]}}