{"id":4540,"date":"2026-01-29T11:32:48","date_gmt":"2026-01-29T10:32:48","guid":{"rendered":"https:\/\/www.radiomais.ao\/?p=4540"},"modified":"2026-01-29T11:32:48","modified_gmt":"2026-01-29T10:32:48","slug":"falta-de-quadros-no-sector-da-saude-preocupa-autoridades-sanitarias-nos-gambos","status":"publish","type":"post","link":"https:\/\/www.radiomais.ao\/index.php\/2026\/01\/29\/falta-de-quadros-no-sector-da-saude-preocupa-autoridades-sanitarias-nos-gambos\/","title":{"rendered":"Falta de quadros no sector da Sa\u00fade preocupa autoridades sanit\u00e1rias nos Gambos."},"content":{"rendered":"\n<p><strong>A falta de quadros no sector da Sa\u00fade continua a preocupar as autoridades sanit\u00e1rias no munic\u00edpio dos Gambos, prov\u00edncia da Hu\u00edla, situa\u00e7\u00e3o que tem provocado sobrecarga de trabalho aos t\u00e9cnicos do sector nos diferentes postos de sa\u00fade<\/strong>.<\/p>\n\n\n\n<p>A informa\u00e7\u00e3o foi avan\u00e7ada ontem, na comuna do Chiange, pelo director municipal da Sa\u00fade, Felizardo Pedro Duque, que explicou que, por esta raz\u00e3o, um posto de sa\u00fade funciona apenas com um t\u00e9cnico, contrariando as normas de funcionamento das unidades sanit\u00e1rias deste n\u00edvel. \u201cEste \u00e9 o maior problema ao n\u00edvel do nosso munic\u00edpio.<\/p>\n\n\n\n<p>Temos um n\u00famero muito \u00ednfimo de profissionais. Imagine que o munic\u00edpio tem apenas 12 m\u00e9dicos e 70 enfermeiros, o que \u00e9 muito pouco para o n\u00famero de habitantes que temos. Foi inaugurado mais um posto de sa\u00fade, que vai precisar de mais pessoal.<\/p>\n\n\n\n<p>Segundo os estatutos, um posto deve funcionar com 24 t\u00e9cnicos, mas, de acordo com a nossa realidade, estamos a trabalhar apenas com um t\u00e9cnico, que \u00e9 o chefe do posto.<\/p>\n\n\n\n<p>\u00c9 ele que realiza o servi\u00e7o de PAV, faz a limpeza e presta outros servi\u00e7os de consulta\u201d, revelou. A rede sanit\u00e1ria do munic\u00edpio dos Gambos \u00e9 composta por 21 unidades, entre as quais o Hospital Municipal e dois Centros M\u00e9dicos, estando ainda em falta unidades em algumas zonas mais rec\u00f4nditas do munic\u00edpio.<\/p>\n\n\n\n<p>No entanto, o director municipal da Sa\u00fade explicou que, para garantir uma cobertura eficaz destas unidades sanit\u00e1rias e as segurar uma assist\u00eancia m\u00e9dica adequada aos utentes que diariamente recorrem aos hospitais, s\u00e3o necess\u00e1rios mais de 50 t\u00e9cnicos. Ler mais em<strong><em><a href=\"https:\/\/www.opais.ao\/sociedade\/falta-de-quadros-no-sector-da-saude-preocupa-autoridades-sanitarias-nos-gambos\/\"> Opa\u00eds<\/a><\/em><\/strong><\/p>\n","protected":false},"excerpt":{"rendered":"<p>A falta de quadros no sector da Sa\u00fade continua a preocupar as autoridades sanit\u00e1rias no munic\u00edpio dos Gambos, prov\u00edncia da Hu\u00edla, situa\u00e7\u00e3o que tem provocado sobrecarga de trabalho aos t\u00e9cnicos do sector nos diferentes postos de sa\u00fade. A informa\u00e7\u00e3o foi avan\u00e7ada ontem, na comuna do Chiange, pelo director municipal da Sa\u00fade, Felizardo Pedro Duque, que [&hellip;]<\/p>\n","protected":false},"author":3,"featured_media":4541,"comment_status":"open","ping_status":"open","sticky":false,"template":"","format":"standard","meta":{"footnotes":""},"categories":[16],"tags":[1915,1916],"class_list":["post-4540","post","type-post","status-publish","format-standard","has-post-thumbnail","hentry","category-actualidade","tag-falta-de-quadros","tag-nos-gambos"],"blocksy_meta":[],"_links":{"self":[{"href":"https:\/\/www.radiomais.ao\/index.php\/wp-json\/wp\/v2\/posts\/4540","targetHints":{"allow":["GET"]}}],"collection":[{"href":"https:\/\/www.radiomais.ao\/index.php\/wp-json\/wp\/v2\/posts"}],"about":[{"href":"https:\/\/www.radiomais.ao\/index.php\/wp-json\/wp\/v2\/types\/post"}],"author":[{"embeddable":true,"href":"https:\/\/www.radiomais.ao\/index.php\/wp-json\/wp\/v2\/users\/3"}],"replies":[{"embeddable":true,"href":"https:\/\/www.radiomais.ao\/index.php\/wp-json\/wp\/v2\/comments?post=4540"}],"version-history":[{"count":1,"href":"https:\/\/www.radiomais.ao\/index.php\/wp-json\/wp\/v2\/posts\/4540\/revisions"}],"predecessor-version":[{"id":4542,"href":"https:\/\/www.radiomais.ao\/index.php\/wp-json\/wp\/v2\/posts\/4540\/revisions\/4542"}],"wp:featuredmedia":[{"embeddable":true,"href":"https:\/\/www.radiomais.ao\/index.php\/wp-json\/wp\/v2\/media\/4541"}],"wp:attachment":[{"href":"https:\/\/www.radiomais.ao\/index.php\/wp-json\/wp\/v2\/media?parent=4540"}],"wp:term":[{"taxonomy":"category","embeddable":true,"href":"https:\/\/www.radiomais.ao\/index.php\/wp-json\/wp\/v2\/categories?post=4540"},{"taxonomy":"post_tag","embeddable":true,"href":"https:\/\/www.radiomais.ao\/index.php\/wp-json\/wp\/v2\/tags?post=4540"}],"curies":[{"name":"wp","href":"https:\/\/api.w.org\/{rel}","templated":true}]}}