{"id":4543,"date":"2026-01-29T11:35:37","date_gmt":"2026-01-29T10:35:37","guid":{"rendered":"https:\/\/www.radiomais.ao\/?p=4543"},"modified":"2026-01-29T11:35:37","modified_gmt":"2026-01-29T10:35:37","slug":"t-c-mantem-condenacoes-de-rabelais-e-hilario-santos-por-peculato-e-branqueamento-de-capitais","status":"publish","type":"post","link":"https:\/\/www.radiomais.ao\/index.php\/2026\/01\/29\/t-c-mantem-condenacoes-de-rabelais-e-hilario-santos-por-peculato-e-branqueamento-de-capitais\/","title":{"rendered":"T. C mant\u00e9m condena\u00e7\u00f5es de Rabelais e Hil\u00e1rio Santos por peculato e branqueamento de capitais."},"content":{"rendered":"\n<p><strong>O Tribunal Constitucional decidiu, em Plen\u00e1rio, negar provimento ao recurso extraordin\u00e1rio de inconstitucionalidade interposto pelo antigo ministro da Comunica\u00e7\u00e3o Social, Manuel Ant\u00f3nio Rabelais, e Hil\u00e1rio Gaspar Alem\u00e3o Santos, ambos condenados pelo Tribunal Pleno e de Recurso do Tribunal Supremo por crimes de peculato e branqueamento de capitais<\/strong><\/p>\n\n\n\n<p>A decis\u00e3o, consagrada no Ac\u00f3rd\u00e3o n.\u00ba 1050\/2025, datado de 3 de Dezembro de 2025, confirma integralmente as penas previamente aplicadas e valida todos os actos processuais do tribunal de inst\u00e2ncia superior. Alega\u00e7\u00f5es dos recorrentes Manuel Ant\u00f3nio Rabelais e Hil\u00e1rio Gaspar Alem\u00e3o Santos recorreram ao Tribunal Constitucional alegando diversas supostas viola\u00e7\u00f5es de direitos constitucionais e irregularidades processuais.<\/p>\n\n\n\n<p>Rabelais apresentou um documento de 208 p\u00e1ginas, considerado pelo Tribunal \u201cexcessivamente extenso e carente de rigor t\u00e9cnico\u201d, no qual contestava a legalidade da manuten\u00e7\u00e3o das medidas de coa\u00e7\u00e3o pessoal desde 2019, incluindo a interdi\u00e7\u00e3o de sa\u00edda do pa\u00eds, e questionava a perda definitiva de bens em favor do Estado antes de senten\u00e7a transitada em julgado. Ler mais em <strong><em><a href=\"https:\/\/www.opais.ao\/sociedade\/tribunal-constitucional-mantem-condenacoes-de-rabelais-e-hilario-santos-por-peculato-e-branqueamento-de-capitais\/\">Opa\u00eds<\/a><\/em><\/strong><\/p>\n","protected":false},"excerpt":{"rendered":"<p>O Tribunal Constitucional decidiu, em Plen\u00e1rio, negar provimento ao recurso extraordin\u00e1rio de inconstitucionalidade interposto pelo antigo ministro da Comunica\u00e7\u00e3o Social, Manuel Ant\u00f3nio Rabelais, e Hil\u00e1rio Gaspar Alem\u00e3o Santos, ambos condenados pelo Tribunal Pleno e de Recurso do Tribunal Supremo por crimes de peculato e branqueamento de capitais A decis\u00e3o, consagrada no Ac\u00f3rd\u00e3o n.\u00ba 1050\/2025, datado [&hellip;]<\/p>\n","protected":false},"author":3,"featured_media":4544,"comment_status":"open","ping_status":"open","sticky":false,"template":"","format":"standard","meta":{"footnotes":""},"categories":[16],"tags":[1917],"class_list":["post-4543","post","type-post","status-publish","format-standard","has-post-thumbnail","hentry","category-actualidade","tag-t-c-mantem-condenacoes-de-rabelais-e-hilario-santos"],"blocksy_meta":[],"_links":{"self":[{"href":"https:\/\/www.radiomais.ao\/index.php\/wp-json\/wp\/v2\/posts\/4543","targetHints":{"allow":["GET"]}}],"collection":[{"href":"https:\/\/www.radiomais.ao\/index.php\/wp-json\/wp\/v2\/posts"}],"about":[{"href":"https:\/\/www.radiomais.ao\/index.php\/wp-json\/wp\/v2\/types\/post"}],"author":[{"embeddable":true,"href":"https:\/\/www.radiomais.ao\/index.php\/wp-json\/wp\/v2\/users\/3"}],"replies":[{"embeddable":true,"href":"https:\/\/www.radiomais.ao\/index.php\/wp-json\/wp\/v2\/comments?post=4543"}],"version-history":[{"count":1,"href":"https:\/\/www.radiomais.ao\/index.php\/wp-json\/wp\/v2\/posts\/4543\/revisions"}],"predecessor-version":[{"id":4545,"href":"https:\/\/www.radiomais.ao\/index.php\/wp-json\/wp\/v2\/posts\/4543\/revisions\/4545"}],"wp:featuredmedia":[{"embeddable":true,"href":"https:\/\/www.radiomais.ao\/index.php\/wp-json\/wp\/v2\/media\/4544"}],"wp:attachment":[{"href":"https:\/\/www.radiomais.ao\/index.php\/wp-json\/wp\/v2\/media?parent=4543"}],"wp:term":[{"taxonomy":"category","embeddable":true,"href":"https:\/\/www.radiomais.ao\/index.php\/wp-json\/wp\/v2\/categories?post=4543"},{"taxonomy":"post_tag","embeddable":true,"href":"https:\/\/www.radiomais.ao\/index.php\/wp-json\/wp\/v2\/tags?post=4543"}],"curies":[{"name":"wp","href":"https:\/\/api.w.org\/{rel}","templated":true}]}}