{"id":4552,"date":"2026-01-29T12:55:57","date_gmt":"2026-01-29T11:55:57","guid":{"rendered":"https:\/\/www.radiomais.ao\/?p=4552"},"modified":"2026-01-29T12:55:57","modified_gmt":"2026-01-29T11:55:57","slug":"acidente-de-viacao-deixa-3-mortos-e-15-feridos-em-benguela","status":"publish","type":"post","link":"https:\/\/www.radiomais.ao\/index.php\/2026\/01\/29\/acidente-de-viacao-deixa-3-mortos-e-15-feridos-em-benguela\/","title":{"rendered":"Acidente de via\u00e7\u00e3o deixa 3 mortos e 15 feridos em Benguela."},"content":{"rendered":"\n<p>Excesso de velocidade e falhas t\u00e9cnicas, s\u00e3o apontados como as principais causas que estiveram na base do capotamento de uma autocarro na localidade do alto pundo, no Munic\u00edpio do Bocoio, Prov\u00edncia de Benguela..<\/p>\n\n\n\n<p>Os dados actualizados est\u00e1 manh\u00e3 pela pol\u00edcia nacional, apontam para 4 mortos e 20 feridos.<\/p>\n\n\n\n<p>Nesta altura os pacientes continuam a receber assist\u00eancia m\u00e9dica nas principais unidades hospitalares da Prov\u00edncia.<\/p>\n\n\n<div \n    class=\"align wp-block-scb-sound-cloud\"    id=\"scbSoundCloud-1\"\n    data-attributes='{&quot;cId&quot;:&quot;b909f2e6-3&quot;,&quot;tracks&quot;:[{&quot;url&quot;:&quot;https:\\\/\\\/soundcloud.com\\\/radio-mais-luanda\\\/acidente-benguela-deiixa-3mortos-e-5-feridos?si=dd8517e0f6c04931b498958621f2bcb7&amp;utm_source=clipboard&amp;utm_medium=text&amp;utm_campaign=social_sharing&quot;,&quot;startTrack&quot;:0}],&quot;alignment&quot;:&quot;center&quot;,&quot;align&quot;:&quot;&quot;,&quot;options&quot;:{&quot;isAutoPlay&quot;:true,&quot;color&quot;:&quot;#f50&quot;,&quot;isBuying&quot;:true,&quot;isSharing&quot;:true,&quot;isDownload&quot;:true,&quot;isArtWork&quot;:true,&quot;isPlayCount&quot;:true,&quot;isUser&quot;:true,&quot;isSingleActive&quot;:true,&quot;isComments&quot;:true,&quot;isVisual&quot;:false,&quot;isTeaser&quot;:false,&quot;isHideRelated&quot;:false},&quot;iframeStyle&quot;:{&quot;width&quot;:&quot;100%&quot;,&quot;height&quot;:&quot;170px&quot;},&quot;frameBorder&quot;:{&quot;color&quot;:&quot;#000&quot;,&quot;style&quot;:&quot;solid&quot;,&quot;width&quot;:&quot;1px&quot;},&quot;frameBRadius&quot;:{&quot;top&quot;:&quot;3px&quot;,&quot;bottom&quot;:&quot;3px&quot;,&quot;left&quot;:&quot;3px&quot;,&quot;right&quot;:&quot;3px&quot;},&quot;frameBoxShadow&quot;:[]}'>\n<\/div>\n\n \n      ","protected":false},"excerpt":{"rendered":"<p>Excesso de velocidade e falhas t\u00e9cnicas, s\u00e3o apontados como as principais causas que estiveram na base do capotamento de uma autocarro na localidade do alto pundo, no Munic\u00edpio do Bocoio, Prov\u00edncia de Benguela.. Os dados actualizados est\u00e1 manh\u00e3 pela pol\u00edcia nacional, apontam para 4 mortos e 20 feridos. Nesta altura os pacientes continuam a receber [&hellip;]<\/p>\n","protected":false},"author":3,"featured_media":4553,"comment_status":"open","ping_status":"open","sticky":false,"template":"","format":"standard","meta":{"footnotes":""},"categories":[16],"tags":[1922],"class_list":["post-4552","post","type-post","status-publish","format-standard","has-post-thumbnail","hentry","category-actualidade","tag-autocarro-capota-e-deixa-3-mortos-e-15-feridos-em-benguela"],"blocksy_meta":[],"_links":{"self":[{"href":"https:\/\/www.radiomais.ao\/index.php\/wp-json\/wp\/v2\/posts\/4552","targetHints":{"allow":["GET"]}}],"collection":[{"href":"https:\/\/www.radiomais.ao\/index.php\/wp-json\/wp\/v2\/posts"}],"about":[{"href":"https:\/\/www.radiomais.ao\/index.php\/wp-json\/wp\/v2\/types\/post"}],"author":[{"embeddable":true,"href":"https:\/\/www.radiomais.ao\/index.php\/wp-json\/wp\/v2\/users\/3"}],"replies":[{"embeddable":true,"href":"https:\/\/www.radiomais.ao\/index.php\/wp-json\/wp\/v2\/comments?post=4552"}],"version-history":[{"count":1,"href":"https:\/\/www.radiomais.ao\/index.php\/wp-json\/wp\/v2\/posts\/4552\/revisions"}],"predecessor-version":[{"id":4554,"href":"https:\/\/www.radiomais.ao\/index.php\/wp-json\/wp\/v2\/posts\/4552\/revisions\/4554"}],"wp:featuredmedia":[{"embeddable":true,"href":"https:\/\/www.radiomais.ao\/index.php\/wp-json\/wp\/v2\/media\/4553"}],"wp:attachment":[{"href":"https:\/\/www.radiomais.ao\/index.php\/wp-json\/wp\/v2\/media?parent=4552"}],"wp:term":[{"taxonomy":"category","embeddable":true,"href":"https:\/\/www.radiomais.ao\/index.php\/wp-json\/wp\/v2\/categories?post=4552"},{"taxonomy":"post_tag","embeddable":true,"href":"https:\/\/www.radiomais.ao\/index.php\/wp-json\/wp\/v2\/tags?post=4552"}],"curies":[{"name":"wp","href":"https:\/\/api.w.org\/{rel}","templated":true}]}}