{"id":4565,"date":"2026-02-02T08:32:05","date_gmt":"2026-02-02T07:32:05","guid":{"rendered":"https:\/\/www.radiomais.ao\/?p=4565"},"modified":"2026-02-02T08:32:05","modified_gmt":"2026-02-02T07:32:05","slug":"presidente-da-uniao-africana-pede-empenho-de-todos-na-construcao-de-uma-africa-estavel","status":"publish","type":"post","link":"https:\/\/www.radiomais.ao\/index.php\/2026\/02\/02\/presidente-da-uniao-africana-pede-empenho-de-todos-na-construcao-de-uma-africa-estavel\/","title":{"rendered":"Presidente da Uni\u00e3o Africana pede empenho de todos na constru\u00e7\u00e3o de uma \u00c1frica est\u00e1vel."},"content":{"rendered":"\n<p><strong>O 31 de Janeiro foi consagrado Dia da Paz e Reconcilia\u00e7\u00e3o em \u00c1frica, por ocasi\u00e3o da XVI Sess\u00e3o Extraordin\u00e1ria da Confer\u00eancia de Chefes de Estado e de Governo da Uni\u00e3o Africana, realizada em Maio de 2022, em Malabo, Rep\u00fablica da Guin\u00e9 Equatorial, tendo, nessa ocasi\u00e3o, os Chefes de Estado e de Governo africanos designado Jo\u00e3o Louren\u00e7o como Campe\u00e3o da Uni\u00e3o Africana para a Paz e Reconcilia\u00e7\u00e3o em \u00c1frica<\/strong>.<\/p>\n\n\n\n<p>O Presidente da Rep\u00fablica e Presidente em exercicio da Uni\u00e3o Africana, Jo\u00e3o Louren\u00e7o, endere\u00e7ou uma mensagem aos africanos, na qual refor\u00e7ou o apelo, pedindo o empenho de todos na constru\u00e7\u00e3o de uma \u00c1frica est\u00e1vel e pac\u00edfica, onde a paz e areconcilia\u00e7\u00e3o sejam prioridade.<\/p>\n\n\n\n<p>A mensagem do Presidente Jo\u00e3o Louren\u00e7o foi transmitida na abertura de uma sess\u00e3o especial do Conselho de Paz e Seguran\u00e7a da Uni\u00e3o Africana, que marcou as comemora\u00e7\u00f5es do Dia da Paz e Reconcilia\u00e7\u00e3o em \u00c1frica, celebrado a 31 de Janeiro. A reuni\u00e3o teve, entre outros objectivos, a partilha de experi\u00eancias de Angola, Serra Leoa e \u00c1frica do Sul sobre as li\u00e7\u00f5es tiradas nos processos de paz e reconcilia\u00e7\u00e3o, conduzidos nos respectivos pa\u00edses.<\/p>\n\n\n\n<p>A experi\u00eancia de Angola foi apresentada pelo embaixador Miguel Bembe, representante permanente da Uni\u00e3o Africana. Na sua mensagem, enquanto campe\u00e3o da Uni\u00e3o Africana para a Paz e Reconcilia\u00e7\u00e3o e enquanto Presidente em exerc\u00edcio da Uni\u00e3o Africana, o Chefe de Estado angolano, referiu que o 31 de Janeiro n\u00e3o \u00e9 apenas uma celebra\u00e7\u00e3o, \u00e9 um convite para os africanos reflectirem sobre os desafios de paz e seguran\u00e7a que ainda persistem no continente.<\/p>\n","protected":false},"excerpt":{"rendered":"<p>O 31 de Janeiro foi consagrado Dia da Paz e Reconcilia\u00e7\u00e3o em \u00c1frica, por ocasi\u00e3o da XVI Sess\u00e3o Extraordin\u00e1ria da Confer\u00eancia de Chefes de Estado e de Governo da Uni\u00e3o Africana, realizada em Maio de 2022, em Malabo, Rep\u00fablica da Guin\u00e9 Equatorial, tendo, nessa ocasi\u00e3o, os Chefes de Estado e de Governo africanos designado Jo\u00e3o [&hellip;]<\/p>\n","protected":false},"author":3,"featured_media":4566,"comment_status":"open","ping_status":"open","sticky":false,"template":"","format":"standard","meta":{"footnotes":""},"categories":[16],"tags":[1928,1927],"class_list":["post-4565","post","type-post","status-publish","format-standard","has-post-thumbnail","hentry","category-actualidade","tag-construcao-de-uma-africa-estavel","tag-presidente-da-uniao-africana"],"blocksy_meta":[],"_links":{"self":[{"href":"https:\/\/www.radiomais.ao\/index.php\/wp-json\/wp\/v2\/posts\/4565","targetHints":{"allow":["GET"]}}],"collection":[{"href":"https:\/\/www.radiomais.ao\/index.php\/wp-json\/wp\/v2\/posts"}],"about":[{"href":"https:\/\/www.radiomais.ao\/index.php\/wp-json\/wp\/v2\/types\/post"}],"author":[{"embeddable":true,"href":"https:\/\/www.radiomais.ao\/index.php\/wp-json\/wp\/v2\/users\/3"}],"replies":[{"embeddable":true,"href":"https:\/\/www.radiomais.ao\/index.php\/wp-json\/wp\/v2\/comments?post=4565"}],"version-history":[{"count":1,"href":"https:\/\/www.radiomais.ao\/index.php\/wp-json\/wp\/v2\/posts\/4565\/revisions"}],"predecessor-version":[{"id":4567,"href":"https:\/\/www.radiomais.ao\/index.php\/wp-json\/wp\/v2\/posts\/4565\/revisions\/4567"}],"wp:featuredmedia":[{"embeddable":true,"href":"https:\/\/www.radiomais.ao\/index.php\/wp-json\/wp\/v2\/media\/4566"}],"wp:attachment":[{"href":"https:\/\/www.radiomais.ao\/index.php\/wp-json\/wp\/v2\/media?parent=4565"}],"wp:term":[{"taxonomy":"category","embeddable":true,"href":"https:\/\/www.radiomais.ao\/index.php\/wp-json\/wp\/v2\/categories?post=4565"},{"taxonomy":"post_tag","embeddable":true,"href":"https:\/\/www.radiomais.ao\/index.php\/wp-json\/wp\/v2\/tags?post=4565"}],"curies":[{"name":"wp","href":"https:\/\/api.w.org\/{rel}","templated":true}]}}