{"id":4584,"date":"2026-02-02T11:25:59","date_gmt":"2026-02-02T10:25:59","guid":{"rendered":"https:\/\/www.radiomais.ao\/?p=4584"},"modified":"2026-02-02T11:25:59","modified_gmt":"2026-02-02T10:25:59","slug":"fundacao-brilhante-lanca-programa-para-reforcar-acesso-aos-cuidados-de-saude","status":"publish","type":"post","link":"https:\/\/www.radiomais.ao\/index.php\/2026\/02\/02\/fundacao-brilhante-lanca-programa-para-reforcar-acesso-aos-cuidados-de-saude\/","title":{"rendered":"Funda\u00e7\u00e3o Brilhante lan\u00e7a programa para refor\u00e7ar acesso aos cuidados de sa\u00fade."},"content":{"rendered":"\n<p>A Funda\u00e7\u00e3o Brilhante anunciou o lan\u00e7amento do Programa Sa\u00fade Brilhante, uma iniciativa integrada na sua pol\u00edtica de responsabilidade social, destinada \u00e0 promo\u00e7\u00e3o da sa\u00fade, inclus\u00e3o social e apoio \u00e0s comunidades em situa\u00e7\u00e3o de maior vulnerabilidade.<\/p>\n\n\n\n<p>O programa ser\u00e1 oficialmente lan\u00e7ado no pr\u00f3ximo dia 12 de Fevereiro de 2026, \u00e0s 10h00, no Hospital Geral David Bernardino \u201cKamanga\u201d, localizado na Centralidade do Mussungue, na prov\u00edncia da Lunda Norte.<\/p>\n\n\n\n<p>De acordo com a Funda\u00e7\u00e3o, o Sa\u00fade Brilhante surge como uma resposta social aos desafios persistentes no acesso aos cuidados de sa\u00fade, sobretudo em regi\u00f5es com limita\u00e7\u00f5es de servi\u00e7os especializados. Ler mais em<strong><em><a href=\"https:\/\/www.opais.ao\/sociedade\/fundacao-brilhante-lanca-programa-para-reforcar-acesso-aos-cuidados-de-saude\/\"> Opa\u00eds<\/a><\/em><\/strong><\/p>\n","protected":false},"excerpt":{"rendered":"<p>A Funda\u00e7\u00e3o Brilhante anunciou o lan\u00e7amento do Programa Sa\u00fade Brilhante, uma iniciativa integrada na sua pol\u00edtica de responsabilidade social, destinada \u00e0 promo\u00e7\u00e3o da sa\u00fade, inclus\u00e3o social e apoio \u00e0s comunidades em situa\u00e7\u00e3o de maior vulnerabilidade. O programa ser\u00e1 oficialmente lan\u00e7ado no pr\u00f3ximo dia 12 de Fevereiro de 2026, \u00e0s 10h00, no Hospital Geral David Bernardino [&hellip;]<\/p>\n","protected":false},"author":3,"featured_media":4585,"comment_status":"open","ping_status":"open","sticky":false,"template":"","format":"standard","meta":{"footnotes":""},"categories":[16],"tags":[1940,1941],"class_list":["post-4584","post","type-post","status-publish","format-standard","has-post-thumbnail","hentry","category-actualidade","tag-fundacao-brilhante","tag-reforco-aos-cuidados-de-saude"],"blocksy_meta":[],"_links":{"self":[{"href":"https:\/\/www.radiomais.ao\/index.php\/wp-json\/wp\/v2\/posts\/4584","targetHints":{"allow":["GET"]}}],"collection":[{"href":"https:\/\/www.radiomais.ao\/index.php\/wp-json\/wp\/v2\/posts"}],"about":[{"href":"https:\/\/www.radiomais.ao\/index.php\/wp-json\/wp\/v2\/types\/post"}],"author":[{"embeddable":true,"href":"https:\/\/www.radiomais.ao\/index.php\/wp-json\/wp\/v2\/users\/3"}],"replies":[{"embeddable":true,"href":"https:\/\/www.radiomais.ao\/index.php\/wp-json\/wp\/v2\/comments?post=4584"}],"version-history":[{"count":1,"href":"https:\/\/www.radiomais.ao\/index.php\/wp-json\/wp\/v2\/posts\/4584\/revisions"}],"predecessor-version":[{"id":4586,"href":"https:\/\/www.radiomais.ao\/index.php\/wp-json\/wp\/v2\/posts\/4584\/revisions\/4586"}],"wp:featuredmedia":[{"embeddable":true,"href":"https:\/\/www.radiomais.ao\/index.php\/wp-json\/wp\/v2\/media\/4585"}],"wp:attachment":[{"href":"https:\/\/www.radiomais.ao\/index.php\/wp-json\/wp\/v2\/media?parent=4584"}],"wp:term":[{"taxonomy":"category","embeddable":true,"href":"https:\/\/www.radiomais.ao\/index.php\/wp-json\/wp\/v2\/categories?post=4584"},{"taxonomy":"post_tag","embeddable":true,"href":"https:\/\/www.radiomais.ao\/index.php\/wp-json\/wp\/v2\/tags?post=4584"}],"curies":[{"name":"wp","href":"https:\/\/api.w.org\/{rel}","templated":true}]}}