{"id":4605,"date":"2026-02-02T14:41:33","date_gmt":"2026-02-02T13:41:33","guid":{"rendered":"https:\/\/www.radiomais.ao\/?p=4605"},"modified":"2026-02-02T14:42:31","modified_gmt":"2026-02-02T13:42:31","slug":"participacao-do-presidente-na-cimeira-do-dubai-vista-como-estrategica-para-a-economia","status":"publish","type":"post","link":"https:\/\/www.radiomais.ao\/index.php\/2026\/02\/02\/participacao-do-presidente-na-cimeira-do-dubai-vista-como-estrategica-para-a-economia\/","title":{"rendered":"Participa\u00e7\u00e3o do Presidente na cimeira do Dubai vista como estrat\u00e9gica para a economia."},"content":{"rendered":"\n<p>A participa\u00e7\u00e3o do Presidente da Rep\u00fablica, Jo\u00e3o Louren\u00e7o, na Cimeira Mundial dos Governos, nos Emirados Arabes Unidos, \u00e9 vista como uma oportunidade para refor\u00e7ar a projec\u00e7\u00e3o econ\u00f3mica de Angola num dos mercados mais din\u00e2micos do mundo.<\/p>\n\n\n\n<p>Para o economista Tchimbilundo de Paiva, a desloca\u00e7\u00e3o do Chefe de Estado ao Dubai tem um peso estrat\u00e9gico relevante.<\/p>\n\n\n<div \n    class=\"align wp-block-scb-sound-cloud\"    id=\"scbSoundCloud-1\"\n    data-attributes='{&quot;cId&quot;:&quot;6bdca2d4-8&quot;,&quot;tracks&quot;:[{&quot;url&quot;:&quot;https:\\\/\\\/soundcloud.com\\\/radio-mais-luanda\\\/participacao-do-presidente-na-cimeira-do-dubai-vista-como-estrategica-para-a-economia?si=197d0aa1f88d4d99964c697865f17e18&amp;utm_source=clipboard&amp;utm_medium=text&amp;utm_campaign=social_sharing&quot;,&quot;startTrack&quot;:0}],&quot;alignment&quot;:&quot;center&quot;,&quot;align&quot;:&quot;&quot;,&quot;options&quot;:{&quot;isAutoPlay&quot;:true,&quot;color&quot;:&quot;#f50&quot;,&quot;isBuying&quot;:true,&quot;isSharing&quot;:true,&quot;isDownload&quot;:true,&quot;isArtWork&quot;:true,&quot;isPlayCount&quot;:true,&quot;isUser&quot;:true,&quot;isSingleActive&quot;:true,&quot;isComments&quot;:true,&quot;isVisual&quot;:false,&quot;isTeaser&quot;:false,&quot;isHideRelated&quot;:false},&quot;iframeStyle&quot;:{&quot;width&quot;:&quot;100%&quot;,&quot;height&quot;:&quot;170px&quot;},&quot;frameBorder&quot;:{&quot;color&quot;:&quot;#000&quot;,&quot;style&quot;:&quot;solid&quot;,&quot;width&quot;:&quot;1px&quot;},&quot;frameBRadius&quot;:{&quot;top&quot;:&quot;3px&quot;,&quot;bottom&quot;:&quot;3px&quot;,&quot;left&quot;:&quot;3px&quot;,&quot;right&quot;:&quot;3px&quot;},&quot;frameBoxShadow&quot;:[]}'>\n<\/div>\n\n \n      ","protected":false},"excerpt":{"rendered":"<p>A participa\u00e7\u00e3o do Presidente da Rep\u00fablica, Jo\u00e3o Louren\u00e7o, na Cimeira Mundial dos Governos, nos Emirados Arabes Unidos, \u00e9 vista como uma oportunidade para refor\u00e7ar a projec\u00e7\u00e3o econ\u00f3mica de Angola num dos mercados mais din\u00e2micos do mundo. Para o economista Tchimbilundo de Paiva, a desloca\u00e7\u00e3o do Chefe de Estado ao Dubai tem um peso estrat\u00e9gico relevante.<\/p>\n","protected":false},"author":3,"featured_media":4607,"comment_status":"open","ping_status":"open","sticky":false,"template":"","format":"standard","meta":{"footnotes":""},"categories":[16],"tags":[1950],"class_list":["post-4605","post","type-post","status-publish","format-standard","has-post-thumbnail","hentry","category-actualidade","tag-cimeira-do-dubai"],"blocksy_meta":[],"_links":{"self":[{"href":"https:\/\/www.radiomais.ao\/index.php\/wp-json\/wp\/v2\/posts\/4605","targetHints":{"allow":["GET"]}}],"collection":[{"href":"https:\/\/www.radiomais.ao\/index.php\/wp-json\/wp\/v2\/posts"}],"about":[{"href":"https:\/\/www.radiomais.ao\/index.php\/wp-json\/wp\/v2\/types\/post"}],"author":[{"embeddable":true,"href":"https:\/\/www.radiomais.ao\/index.php\/wp-json\/wp\/v2\/users\/3"}],"replies":[{"embeddable":true,"href":"https:\/\/www.radiomais.ao\/index.php\/wp-json\/wp\/v2\/comments?post=4605"}],"version-history":[{"count":2,"href":"https:\/\/www.radiomais.ao\/index.php\/wp-json\/wp\/v2\/posts\/4605\/revisions"}],"predecessor-version":[{"id":4609,"href":"https:\/\/www.radiomais.ao\/index.php\/wp-json\/wp\/v2\/posts\/4605\/revisions\/4609"}],"wp:featuredmedia":[{"embeddable":true,"href":"https:\/\/www.radiomais.ao\/index.php\/wp-json\/wp\/v2\/media\/4607"}],"wp:attachment":[{"href":"https:\/\/www.radiomais.ao\/index.php\/wp-json\/wp\/v2\/media?parent=4605"}],"wp:term":[{"taxonomy":"category","embeddable":true,"href":"https:\/\/www.radiomais.ao\/index.php\/wp-json\/wp\/v2\/categories?post=4605"},{"taxonomy":"post_tag","embeddable":true,"href":"https:\/\/www.radiomais.ao\/index.php\/wp-json\/wp\/v2\/tags?post=4605"}],"curies":[{"name":"wp","href":"https:\/\/api.w.org\/{rel}","templated":true}]}}