{"id":4613,"date":"2026-02-03T09:12:03","date_gmt":"2026-02-03T08:12:03","guid":{"rendered":"https:\/\/www.radiomais.ao\/?p=4613"},"modified":"2026-02-03T09:12:03","modified_gmt":"2026-02-03T08:12:03","slug":"angola-marca-presenca-ao-mais-alto-nivel-na-cupula-mundial-dos-governos-2026-em-abu-dabi","status":"publish","type":"post","link":"https:\/\/www.radiomais.ao\/index.php\/2026\/02\/03\/angola-marca-presenca-ao-mais-alto-nivel-na-cupula-mundial-dos-governos-2026-em-abu-dabi\/","title":{"rendered":"Angola marca presen\u00e7a ao mais alto n\u00edvel na C\u00fapula Mundial dos Governos 2026 em Abu Dabi."},"content":{"rendered":"\n<p><strong>Angola participa, a partir desta Ter\u00e7a-feira, 3 de Fevereiro, na C\u00fapula Mundial dos Governos 2026, que decorre at\u00e9 Quinta- feira, em Abu Dabi\/Dubai, Emirados \u00c1rabes Unidos, com a presen\u00e7a do Presidente da Rep\u00fablica, Jo\u00e3o Louren\u00e7o, num dos mais relevantes f\u00f3runs globais dedicados \u00e0 governa\u00e7\u00e3o, lideran\u00e7a e defini\u00e7\u00e3o de pol\u00edticas p\u00fablicas para o futuro<\/strong><\/p>\n\n\n\n<p>A participa\u00e7\u00e3o angolana insere-se numa cimeira de alto n\u00edvel que re\u00fane chefes de Estado e de Governo, l\u00edderes empresariais, cientistas e especialistas internacionais, com o objectivo de debater solu\u00e7\u00f5es inovadoras para os principais desafios globais, como o desenvolvimento sustent\u00e1vel, a transforma\u00e7\u00e3o digital, planeamento estrat\u00e9gico, gest\u00e3o de recursos humanos, inova\u00e7\u00e3o tecnol\u00f3gica e fortalecimento das institui\u00e7\u00f5es p\u00fablicas.<\/p>\n\n\n\n<p>O Chefe de Estado angolano deixou Luanda na manh\u00e3 desta segunda-feira, 2, rumo aos Emirados \u00c1rabes Unidos, para participar no certame, tendo recebido, antes do embarque, cumprimentos de despedida da Vice-Presidente da Rep\u00fablica, Esperan\u00e7a da Costa, bem como de outros membros do Executivo.<\/p>\n\n\n\n<p>A C\u00fapula Mundial dos Governos 2026 \u00e9 considerada a maior edi\u00e7\u00e3o desde a cria\u00e7\u00e3o do even- to, em 2013, e contar\u00e1 com a presen\u00e7a de mais de 35 chefes de Estado e de Governo, delega\u00e7\u00f5es de cerca de 150 pa\u00edses e mais de 500 ministros, al\u00e9m de mais de seis mil participantes, entre decisores pol\u00edticos, l\u00edderes empresariais, acad\u00e9micos e especialistas de diversas \u00e1reas.<\/p>\n","protected":false},"excerpt":{"rendered":"<p>Angola participa, a partir desta Ter\u00e7a-feira, 3 de Fevereiro, na C\u00fapula Mundial dos Governos 2026, que decorre at\u00e9 Quinta- feira, em Abu Dabi\/Dubai, Emirados \u00c1rabes Unidos, com a presen\u00e7a do Presidente da Rep\u00fablica, Jo\u00e3o Louren\u00e7o, num dos mais relevantes f\u00f3runs globais dedicados \u00e0 governa\u00e7\u00e3o, lideran\u00e7a e defini\u00e7\u00e3o de pol\u00edticas p\u00fablicas para o futuro A participa\u00e7\u00e3o [&hellip;]<\/p>\n","protected":false},"author":3,"featured_media":4614,"comment_status":"open","ping_status":"open","sticky":false,"template":"","format":"standard","meta":{"footnotes":""},"categories":[16],"tags":[1953,1952],"class_list":["post-4613","post","type-post","status-publish","format-standard","has-post-thumbnail","hentry","category-actualidade","tag-abu-dabi","tag-cupula-mundial-dos-governos"],"blocksy_meta":[],"_links":{"self":[{"href":"https:\/\/www.radiomais.ao\/index.php\/wp-json\/wp\/v2\/posts\/4613","targetHints":{"allow":["GET"]}}],"collection":[{"href":"https:\/\/www.radiomais.ao\/index.php\/wp-json\/wp\/v2\/posts"}],"about":[{"href":"https:\/\/www.radiomais.ao\/index.php\/wp-json\/wp\/v2\/types\/post"}],"author":[{"embeddable":true,"href":"https:\/\/www.radiomais.ao\/index.php\/wp-json\/wp\/v2\/users\/3"}],"replies":[{"embeddable":true,"href":"https:\/\/www.radiomais.ao\/index.php\/wp-json\/wp\/v2\/comments?post=4613"}],"version-history":[{"count":1,"href":"https:\/\/www.radiomais.ao\/index.php\/wp-json\/wp\/v2\/posts\/4613\/revisions"}],"predecessor-version":[{"id":4615,"href":"https:\/\/www.radiomais.ao\/index.php\/wp-json\/wp\/v2\/posts\/4613\/revisions\/4615"}],"wp:featuredmedia":[{"embeddable":true,"href":"https:\/\/www.radiomais.ao\/index.php\/wp-json\/wp\/v2\/media\/4614"}],"wp:attachment":[{"href":"https:\/\/www.radiomais.ao\/index.php\/wp-json\/wp\/v2\/media?parent=4613"}],"wp:term":[{"taxonomy":"category","embeddable":true,"href":"https:\/\/www.radiomais.ao\/index.php\/wp-json\/wp\/v2\/categories?post=4613"},{"taxonomy":"post_tag","embeddable":true,"href":"https:\/\/www.radiomais.ao\/index.php\/wp-json\/wp\/v2\/tags?post=4613"}],"curies":[{"name":"wp","href":"https:\/\/api.w.org\/{rel}","templated":true}]}}