{"id":4616,"date":"2026-02-03T09:20:38","date_gmt":"2026-02-03T08:20:38","guid":{"rendered":"https:\/\/www.radiomais.ao\/?p=4616"},"modified":"2026-02-03T09:20:38","modified_gmt":"2026-02-03T08:20:38","slug":"transferencia-de-voos-internacionais-para-o-novo-aeroporto-fecha-a-1-de-marco","status":"publish","type":"post","link":"https:\/\/www.radiomais.ao\/index.php\/2026\/02\/03\/transferencia-de-voos-internacionais-para-o-novo-aeroporto-fecha-a-1-de-marco\/","title":{"rendered":"Transfer\u00eancia de v\u00f4os internacionais para o Novo Aeroporto fecha a 1 de Mar\u00e7o."},"content":{"rendered":"\n<p><strong>O processo de transfer\u00eancia de v\u00f4os internacionais do Aeroporto Internacional 4 de Fevereiro para o Aeroporto Dr. Ant\u00f3nio Agostinho Neto (AIAAN) decorre com sucesso e ser\u00e1 encerrado no pr\u00f3ximo m\u00eas de Mar\u00e7o do corrente ano, de acordo com a directora de Opera\u00e7\u00f5es e Cargas da entidade que est\u00e1 a gerir o Aeroporto Internacional Dr. Ant\u00f3nio Agostinho Neto, Soraia de Sousa<\/strong>.<\/p>\n\n\n\n<p>Neste momento, mais de 99 por cento das operadoras j\u00e1 est\u00e3o instaladas no AIAAN, faltando apenas uma companhia, a Air Link, da \u00c1frica do Sul, que deve transferir-se no dia 1 de Mar\u00e7o, fechando o processo. Ontem, transitaram para o AIAAN as operadoras Royal Air Maroc, Turkish Airlines e ASKY Airlines, sendo que as liga\u00e7\u00f5es entre Lom\u00e9 (no Togo), Istambul (Turquia) e Rabat (Marrocos), passaram a ser feitas da nova entrada de Angola para o mundo, localizado no munic\u00edpio do Bom Jesus, na prov\u00edncia do Icolo e Bengo.<\/p>\n\n\n\n<p>A companhia de Marrocos foi a primeira a fazer o voo inaugural, com 78 passageiros, e regressou com 101, deixando para tr\u00e1s o tradicional 4 de Fevereiro. Com excep\u00e7\u00e3o da ASKY, que ter\u00e1 seis frequ\u00eancias semanais, as outras duas far\u00e3o tr\u00eas frequ\u00eancias semanais.<\/p>\n\n\n\n<p>De acordo com Soraia de Sousa, o fluxo de passageiros, no processo de transfer\u00eancia, desde o in\u00edcio, \u00e9 satisfat\u00f3rio e tem crescido conforme o acompanhamento das transfer\u00eancias. Para o presidente de direc\u00e7\u00e3o do gestor tempor\u00e1rio do aeroporto, Ant\u00f3nio Pombal, houve conjuga\u00e7\u00e3o de outras institui\u00e7\u00f5es intencionais para o sucesso dos resultados at\u00e9 aqui alcan\u00e7ados, come\u00e7ando com a certifica\u00e7\u00e3o da infra-estrutura.<\/p>\n","protected":false},"excerpt":{"rendered":"<p>O processo de transfer\u00eancia de v\u00f4os internacionais do Aeroporto Internacional 4 de Fevereiro para o Aeroporto Dr. Ant\u00f3nio Agostinho Neto (AIAAN) decorre com sucesso e ser\u00e1 encerrado no pr\u00f3ximo m\u00eas de Mar\u00e7o do corrente ano, de acordo com a directora de Opera\u00e7\u00f5es e Cargas da entidade que est\u00e1 a gerir o Aeroporto Internacional Dr. Ant\u00f3nio [&hellip;]<\/p>\n","protected":false},"author":3,"featured_media":4617,"comment_status":"open","ping_status":"open","sticky":false,"template":"","format":"standard","meta":{"footnotes":""},"categories":[16],"tags":[1954],"class_list":["post-4616","post","type-post","status-publish","format-standard","has-post-thumbnail","hentry","category-actualidade","tag-transferencia-de-voos-internacionais-para-o-novo-aeroporto-fecha-a-1-de-marco"],"blocksy_meta":[],"_links":{"self":[{"href":"https:\/\/www.radiomais.ao\/index.php\/wp-json\/wp\/v2\/posts\/4616","targetHints":{"allow":["GET"]}}],"collection":[{"href":"https:\/\/www.radiomais.ao\/index.php\/wp-json\/wp\/v2\/posts"}],"about":[{"href":"https:\/\/www.radiomais.ao\/index.php\/wp-json\/wp\/v2\/types\/post"}],"author":[{"embeddable":true,"href":"https:\/\/www.radiomais.ao\/index.php\/wp-json\/wp\/v2\/users\/3"}],"replies":[{"embeddable":true,"href":"https:\/\/www.radiomais.ao\/index.php\/wp-json\/wp\/v2\/comments?post=4616"}],"version-history":[{"count":1,"href":"https:\/\/www.radiomais.ao\/index.php\/wp-json\/wp\/v2\/posts\/4616\/revisions"}],"predecessor-version":[{"id":4618,"href":"https:\/\/www.radiomais.ao\/index.php\/wp-json\/wp\/v2\/posts\/4616\/revisions\/4618"}],"wp:featuredmedia":[{"embeddable":true,"href":"https:\/\/www.radiomais.ao\/index.php\/wp-json\/wp\/v2\/media\/4617"}],"wp:attachment":[{"href":"https:\/\/www.radiomais.ao\/index.php\/wp-json\/wp\/v2\/media?parent=4616"}],"wp:term":[{"taxonomy":"category","embeddable":true,"href":"https:\/\/www.radiomais.ao\/index.php\/wp-json\/wp\/v2\/categories?post=4616"},{"taxonomy":"post_tag","embeddable":true,"href":"https:\/\/www.radiomais.ao\/index.php\/wp-json\/wp\/v2\/tags?post=4616"}],"curies":[{"name":"wp","href":"https:\/\/api.w.org\/{rel}","templated":true}]}}