{"id":4619,"date":"2026-02-03T09:27:01","date_gmt":"2026-02-03T08:27:01","guid":{"rendered":"https:\/\/www.radiomais.ao\/?p=4619"},"modified":"2026-02-03T09:27:01","modified_gmt":"2026-02-03T08:27:01","slug":"pr-autoriza-despesa-de-249-milhoes-de-euros-para-o-projecto-de-desenvolvimento-turistico-do-cabo-ledo","status":"publish","type":"post","link":"https:\/\/www.radiomais.ao\/index.php\/2026\/02\/03\/pr-autoriza-despesa-de-249-milhoes-de-euros-para-o-projecto-de-desenvolvimento-turistico-do-cabo-ledo\/","title":{"rendered":"PR autoriza despesa de 249 milh\u00f5es de euros para o Projecto de Desenvolvimento Tur\u00edstico do Cabo Ledo."},"content":{"rendered":"\n<p>A zona do Cabo Ledo vai ter infra-estruturas integradas, inseridas no Projecto de Desenvolvimento Tur\u00edstico, um investimento p\u00fablico or\u00e7ado em 249 milh\u00f5es de euros.<\/p>\n\n\n\n<p>A informa\u00e7\u00e3o consta de uma nota do Governo de Angola na sua rede social Facebook.<\/p>\n\n\n\n<p>O Despacho Presidencial n.\u00ba 33\/26, de 30 de Janeiro, formaliza a abertura do Procedimento de Contrata\u00e7\u00e3o Simplificada, pelo crit\u00e9rio material, por raz\u00f5es de financiamento externo, destinado \u00e0 concep\u00e7\u00e3o e constru\u00e7\u00e3o das referidas infra-estruturas.<\/p>\n\n\n\n<p>A execu\u00e7\u00e3o do Projecto de Desenvolvimento Tur\u00edstico do Cabo Ledo ser\u00e1 assegurada com recurso a financiamento externo disponibilizado pela Mitsubishi UFJ Finance Group (MUFG). Ler mais em <strong><em><a href=\"https:\/\/www.opais.ao\/economia\/pr-autoriza-despesa-de-249-milhoes-de-euros-para-o-projecto-de-desenvolvimento-turistico-do-cabo-ledo\/\">Opa\u00eds.<\/a><\/em><\/strong><\/p>\n","protected":false},"excerpt":{"rendered":"<p>A zona do Cabo Ledo vai ter infra-estruturas integradas, inseridas no Projecto de Desenvolvimento Tur\u00edstico, um investimento p\u00fablico or\u00e7ado em 249 milh\u00f5es de euros. A informa\u00e7\u00e3o consta de uma nota do Governo de Angola na sua rede social Facebook. O Despacho Presidencial n.\u00ba 33\/26, de 30 de Janeiro, formaliza a abertura do Procedimento de Contrata\u00e7\u00e3o [&hellip;]<\/p>\n","protected":false},"author":3,"featured_media":4620,"comment_status":"open","ping_status":"open","sticky":false,"template":"","format":"standard","meta":{"footnotes":""},"categories":[16],"tags":[1955],"class_list":["post-4619","post","type-post","status-publish","format-standard","has-post-thumbnail","hentry","category-actualidade","tag-pr-autoriza-despesa-de-249-milhoes-de-euros"],"blocksy_meta":[],"_links":{"self":[{"href":"https:\/\/www.radiomais.ao\/index.php\/wp-json\/wp\/v2\/posts\/4619","targetHints":{"allow":["GET"]}}],"collection":[{"href":"https:\/\/www.radiomais.ao\/index.php\/wp-json\/wp\/v2\/posts"}],"about":[{"href":"https:\/\/www.radiomais.ao\/index.php\/wp-json\/wp\/v2\/types\/post"}],"author":[{"embeddable":true,"href":"https:\/\/www.radiomais.ao\/index.php\/wp-json\/wp\/v2\/users\/3"}],"replies":[{"embeddable":true,"href":"https:\/\/www.radiomais.ao\/index.php\/wp-json\/wp\/v2\/comments?post=4619"}],"version-history":[{"count":1,"href":"https:\/\/www.radiomais.ao\/index.php\/wp-json\/wp\/v2\/posts\/4619\/revisions"}],"predecessor-version":[{"id":4621,"href":"https:\/\/www.radiomais.ao\/index.php\/wp-json\/wp\/v2\/posts\/4619\/revisions\/4621"}],"wp:featuredmedia":[{"embeddable":true,"href":"https:\/\/www.radiomais.ao\/index.php\/wp-json\/wp\/v2\/media\/4620"}],"wp:attachment":[{"href":"https:\/\/www.radiomais.ao\/index.php\/wp-json\/wp\/v2\/media?parent=4619"}],"wp:term":[{"taxonomy":"category","embeddable":true,"href":"https:\/\/www.radiomais.ao\/index.php\/wp-json\/wp\/v2\/categories?post=4619"},{"taxonomy":"post_tag","embeddable":true,"href":"https:\/\/www.radiomais.ao\/index.php\/wp-json\/wp\/v2\/tags?post=4619"}],"curies":[{"name":"wp","href":"https:\/\/api.w.org\/{rel}","templated":true}]}}