{"id":4622,"date":"2026-02-03T09:32:22","date_gmt":"2026-02-03T08:32:22","guid":{"rendered":"https:\/\/www.radiomais.ao\/?p=4622"},"modified":"2026-02-03T09:32:22","modified_gmt":"2026-02-03T08:32:22","slug":"municipios-de-benguela-e-dos-navegantes-sob-mira-do-fas","status":"publish","type":"post","link":"https:\/\/www.radiomais.ao\/index.php\/2026\/02\/03\/municipios-de-benguela-e-dos-navegantes-sob-mira-do-fas\/","title":{"rendered":"Munic\u00edpios de Benguela e dos Navegantes sob mira do FAS."},"content":{"rendered":"\n<p><strong>Mais de mil agregados familiares nos munic\u00edpios de Benguela e Navegantes come\u00e7am, a partir de Quarta-feira, 04, a beneficiar de transfer\u00eancias monet\u00e1rias sociais, no \u00e2mbito do Kwenda, um programa co-financiado pelo Banco Mundial e o Governo de Angola. A coordena\u00e7\u00e3o do projecto definiu como palco para as transfer\u00eancias duas unidades sanit\u00e1rias de Benguela, nomeadamente o Geral e o Municipal, segundo a directora provincial do Fundo de Apoio Social, Jasmine Ndatimana<\/strong>. Ler mais em<strong><em><a href=\"https:\/\/www.opais.ao\/sociedade\/municipios-de-benguela-e-dos-navegantes-sob-mira-do-fas\/\"> Opa\u00eds<\/a><\/em><\/strong><\/p>\n","protected":false},"excerpt":{"rendered":"<p>Mais de mil agregados familiares nos munic\u00edpios de Benguela e Navegantes come\u00e7am, a partir de Quarta-feira, 04, a beneficiar de transfer\u00eancias monet\u00e1rias sociais, no \u00e2mbito do Kwenda, um programa co-financiado pelo Banco Mundial e o Governo de Angola. A coordena\u00e7\u00e3o do projecto definiu como palco para as transfer\u00eancias duas unidades sanit\u00e1rias de Benguela, nomeadamente o [&hellip;]<\/p>\n","protected":false},"author":3,"featured_media":4623,"comment_status":"open","ping_status":"open","sticky":false,"template":"","format":"standard","meta":{"footnotes":""},"categories":[16],"tags":[1956],"class_list":["post-4622","post","type-post","status-publish","format-standard","has-post-thumbnail","hentry","category-actualidade","tag-municipios-de-benguela-e-dos-navegantes-sob-mira-do-fas"],"blocksy_meta":[],"_links":{"self":[{"href":"https:\/\/www.radiomais.ao\/index.php\/wp-json\/wp\/v2\/posts\/4622","targetHints":{"allow":["GET"]}}],"collection":[{"href":"https:\/\/www.radiomais.ao\/index.php\/wp-json\/wp\/v2\/posts"}],"about":[{"href":"https:\/\/www.radiomais.ao\/index.php\/wp-json\/wp\/v2\/types\/post"}],"author":[{"embeddable":true,"href":"https:\/\/www.radiomais.ao\/index.php\/wp-json\/wp\/v2\/users\/3"}],"replies":[{"embeddable":true,"href":"https:\/\/www.radiomais.ao\/index.php\/wp-json\/wp\/v2\/comments?post=4622"}],"version-history":[{"count":1,"href":"https:\/\/www.radiomais.ao\/index.php\/wp-json\/wp\/v2\/posts\/4622\/revisions"}],"predecessor-version":[{"id":4624,"href":"https:\/\/www.radiomais.ao\/index.php\/wp-json\/wp\/v2\/posts\/4622\/revisions\/4624"}],"wp:featuredmedia":[{"embeddable":true,"href":"https:\/\/www.radiomais.ao\/index.php\/wp-json\/wp\/v2\/media\/4623"}],"wp:attachment":[{"href":"https:\/\/www.radiomais.ao\/index.php\/wp-json\/wp\/v2\/media?parent=4622"}],"wp:term":[{"taxonomy":"category","embeddable":true,"href":"https:\/\/www.radiomais.ao\/index.php\/wp-json\/wp\/v2\/categories?post=4622"},{"taxonomy":"post_tag","embeddable":true,"href":"https:\/\/www.radiomais.ao\/index.php\/wp-json\/wp\/v2\/tags?post=4622"}],"curies":[{"name":"wp","href":"https:\/\/api.w.org\/{rel}","templated":true}]}}