{"id":4628,"date":"2026-02-03T10:32:36","date_gmt":"2026-02-03T09:32:36","guid":{"rendered":"https:\/\/www.radiomais.ao\/?p=4628"},"modified":"2026-02-03T10:32:36","modified_gmt":"2026-02-03T09:32:36","slug":"apos-12-anos-de-paralisacao-cine-teatro-nacional-podera-reabrir-as-portas-ainda-este-mes","status":"publish","type":"post","link":"https:\/\/www.radiomais.ao\/index.php\/2026\/02\/03\/apos-12-anos-de-paralisacao-cine-teatro-nacional-podera-reabrir-as-portas-ainda-este-mes\/","title":{"rendered":"Ap\u00f3s 12 anos de paralisa\u00e7\u00e3o, Cine Teatro Nacional poder\u00e1 reabrir as portas ainda este m\u00eas."},"content":{"rendered":"\n<p><strong>As obras de requalifica\u00e7\u00e3o do Cine Teatro Nacional, tamb\u00e9m conhecido como \u201cCine Ch\u00e1 de Caxinde\u201d, dever\u00e3o estar conclu\u00eddas at\u00e9 ao dia 28 do corrente m\u00eas. Segundo a empresa chinesa que est\u00e1 a levar a cabo o trabalho, a execu\u00e7\u00e3o f\u00edsica da obra est\u00e1 j\u00e1 na ordem dos 85%, faltando apenas alguns retoques de acabamento e conclus\u00e3o da ilumina\u00e7\u00e3o<\/strong>.<\/p>\n\n\n\n<p>Durante uma visita de campo realizada nesta Segunda-feira, 02, pelo ministro da Cultura \u00e0quela e a outras obras de requalifica\u00e7\u00e3o das infra-estruturas culturais espalhadas pela cidade capital, Filipe Zau recebeu a garantia de conclus\u00e3o da obra e entrega do espa\u00e7o j\u00e1 para o dia 28 do m\u00eas em curso com todas as prontas para a sua inaugura\u00e7\u00e3o.<\/p>\n\n\n\n<p>\u201cA esta altura, j\u00e1 estamos com uma execu\u00e7\u00e3o f\u00edsica na ordem dos 85% e tudo estamos a fazer para que tudo esteja conclu\u00eddo noprazo acordado, que \u00e9 at\u00e9 28 deste m\u00eas\u201d, garantiu o fiscal da empreitada, Walter de Carvalho. Segundo o respons\u00e1vel, a execu\u00e7\u00e3o financeira j\u00e1 foi conclu\u00edda e todas condi\u00e7\u00f5es est\u00e3o reunidas para que a obra avance sem qualquer sobressalto, adiantando que o resta \u201cs\u00e3o apenas pequenos detalhes\u201d, que podem ser conclu\u00eddos \u201cdentro de poucas semanas\u201d. Ler mais em <strong><em><a href=\"https:\/\/www.opais.ao\/cultura\/apos-12-anos-de-paralisacao-cine-teatro-nacional-podera-reabrir-as-portas-ainda-este-mes\/\">Opa\u00eds<\/a><\/em><\/strong><\/p>\n","protected":false},"excerpt":{"rendered":"<p>As obras de requalifica\u00e7\u00e3o do Cine Teatro Nacional, tamb\u00e9m conhecido como \u201cCine Ch\u00e1 de Caxinde\u201d, dever\u00e3o estar conclu\u00eddas at\u00e9 ao dia 28 do corrente m\u00eas. Segundo a empresa chinesa que est\u00e1 a levar a cabo o trabalho, a execu\u00e7\u00e3o f\u00edsica da obra est\u00e1 j\u00e1 na ordem dos 85%, faltando apenas alguns retoques de acabamento e [&hellip;]<\/p>\n","protected":false},"author":3,"featured_media":4629,"comment_status":"open","ping_status":"open","sticky":false,"template":"","format":"standard","meta":{"footnotes":""},"categories":[16],"tags":[1958,1959],"class_list":["post-4628","post","type-post","status-publish","format-standard","has-post-thumbnail","hentry","category-actualidade","tag-cine-teatro-nacional","tag-reaberto-ekm-marco"],"blocksy_meta":[],"_links":{"self":[{"href":"https:\/\/www.radiomais.ao\/index.php\/wp-json\/wp\/v2\/posts\/4628","targetHints":{"allow":["GET"]}}],"collection":[{"href":"https:\/\/www.radiomais.ao\/index.php\/wp-json\/wp\/v2\/posts"}],"about":[{"href":"https:\/\/www.radiomais.ao\/index.php\/wp-json\/wp\/v2\/types\/post"}],"author":[{"embeddable":true,"href":"https:\/\/www.radiomais.ao\/index.php\/wp-json\/wp\/v2\/users\/3"}],"replies":[{"embeddable":true,"href":"https:\/\/www.radiomais.ao\/index.php\/wp-json\/wp\/v2\/comments?post=4628"}],"version-history":[{"count":1,"href":"https:\/\/www.radiomais.ao\/index.php\/wp-json\/wp\/v2\/posts\/4628\/revisions"}],"predecessor-version":[{"id":4630,"href":"https:\/\/www.radiomais.ao\/index.php\/wp-json\/wp\/v2\/posts\/4628\/revisions\/4630"}],"wp:featuredmedia":[{"embeddable":true,"href":"https:\/\/www.radiomais.ao\/index.php\/wp-json\/wp\/v2\/media\/4629"}],"wp:attachment":[{"href":"https:\/\/www.radiomais.ao\/index.php\/wp-json\/wp\/v2\/media?parent=4628"}],"wp:term":[{"taxonomy":"category","embeddable":true,"href":"https:\/\/www.radiomais.ao\/index.php\/wp-json\/wp\/v2\/categories?post=4628"},{"taxonomy":"post_tag","embeddable":true,"href":"https:\/\/www.radiomais.ao\/index.php\/wp-json\/wp\/v2\/tags?post=4628"}],"curies":[{"name":"wp","href":"https:\/\/api.w.org\/{rel}","templated":true}]}}