{"id":4636,"date":"2026-02-05T09:45:35","date_gmt":"2026-02-05T08:45:35","guid":{"rendered":"https:\/\/www.radiomais.ao\/?p=4636"},"modified":"2026-02-05T09:45:35","modified_gmt":"2026-02-05T08:45:35","slug":"angola-acolhe-este-ano-cimeira-global-de-investimento-em-africa","status":"publish","type":"post","link":"https:\/\/www.radiomais.ao\/index.php\/2026\/02\/05\/angola-acolhe-este-ano-cimeira-global-de-investimento-em-africa\/","title":{"rendered":"Angola acolhe este ano Cimeira Global de Investimento em \u00c1frica."},"content":{"rendered":"\n<p><strong>Angola vai acolher, ainda este ano, em Luanda, a primeira edi\u00e7\u00e3o da Cimeira Global de Investimento em \u00c1frica (CGIA), anunciou no Dubai, Emirados \u00c1rabes Unidos, o Presidente da Rep\u00fablica e da Uni\u00e3o Africana, Jo\u00e3o Louren\u00e7o<\/strong>.<\/p>\n\n\n\n<p>O an\u00fancio foi feito durante o lan\u00e7amento oficial da iniciativa da CGIA, \u00e0 margem da Cimeira Mundial de Governos, onde o estadista angolano manifestou satisfa\u00e7\u00e3o por se associar ao evento, sublinhando que a plataforma representa uma nova etapa na mobiliza\u00e7\u00e3o de capital global para o continente africano.<\/p>\n\n\n\n<p>Segundo Jo\u00e3o Louren\u00e7o, a Cimeira Global de Investimento em \u00c1frica materializa o esp\u00edrito de reflex\u00e3o e de governa\u00e7\u00e3o respons\u00e1vel promovido pelos Emirados \u00c1rabes Unidos, ao mesmo tempo que constitui um espa\u00e7o de mobiliza\u00e7\u00e3o colectiva para reafirmar que \u00c1frica est\u00e1 preparada para explorar novas formas de atrac\u00e7\u00e3o de investimento. Ler mais em<strong><em><a href=\"https:\/\/www.opais.ao\/politica\/angola-acolhe-este-ano-cimeira-global-de-investimento-em-africa\/\"> Opa\u00eds<\/a><\/em><\/strong><\/p>\n","protected":false},"excerpt":{"rendered":"<p>Angola vai acolher, ainda este ano, em Luanda, a primeira edi\u00e7\u00e3o da Cimeira Global de Investimento em \u00c1frica (CGIA), anunciou no Dubai, Emirados \u00c1rabes Unidos, o Presidente da Rep\u00fablica e da Uni\u00e3o Africana, Jo\u00e3o Louren\u00e7o. O an\u00fancio foi feito durante o lan\u00e7amento oficial da iniciativa da CGIA, \u00e0 margem da Cimeira Mundial de Governos, onde [&hellip;]<\/p>\n","protected":false},"author":3,"featured_media":4637,"comment_status":"open","ping_status":"open","sticky":false,"template":"","format":"standard","meta":{"footnotes":""},"categories":[16],"tags":[1961],"class_list":["post-4636","post","type-post","status-publish","format-standard","has-post-thumbnail","hentry","category-actualidade","tag-angola-acolhe-este-ano-cimeira-global-de-investimento-em-africa"],"blocksy_meta":[],"_links":{"self":[{"href":"https:\/\/www.radiomais.ao\/index.php\/wp-json\/wp\/v2\/posts\/4636","targetHints":{"allow":["GET"]}}],"collection":[{"href":"https:\/\/www.radiomais.ao\/index.php\/wp-json\/wp\/v2\/posts"}],"about":[{"href":"https:\/\/www.radiomais.ao\/index.php\/wp-json\/wp\/v2\/types\/post"}],"author":[{"embeddable":true,"href":"https:\/\/www.radiomais.ao\/index.php\/wp-json\/wp\/v2\/users\/3"}],"replies":[{"embeddable":true,"href":"https:\/\/www.radiomais.ao\/index.php\/wp-json\/wp\/v2\/comments?post=4636"}],"version-history":[{"count":1,"href":"https:\/\/www.radiomais.ao\/index.php\/wp-json\/wp\/v2\/posts\/4636\/revisions"}],"predecessor-version":[{"id":4638,"href":"https:\/\/www.radiomais.ao\/index.php\/wp-json\/wp\/v2\/posts\/4636\/revisions\/4638"}],"wp:featuredmedia":[{"embeddable":true,"href":"https:\/\/www.radiomais.ao\/index.php\/wp-json\/wp\/v2\/media\/4637"}],"wp:attachment":[{"href":"https:\/\/www.radiomais.ao\/index.php\/wp-json\/wp\/v2\/media?parent=4636"}],"wp:term":[{"taxonomy":"category","embeddable":true,"href":"https:\/\/www.radiomais.ao\/index.php\/wp-json\/wp\/v2\/categories?post=4636"},{"taxonomy":"post_tag","embeddable":true,"href":"https:\/\/www.radiomais.ao\/index.php\/wp-json\/wp\/v2\/tags?post=4636"}],"curies":[{"name":"wp","href":"https:\/\/api.w.org\/{rel}","templated":true}]}}