{"id":4639,"date":"2026-02-05T09:50:08","date_gmt":"2026-02-05T08:50:08","guid":{"rendered":"https:\/\/www.radiomais.ao\/?p=4639"},"modified":"2026-02-05T09:50:08","modified_gmt":"2026-02-05T08:50:08","slug":"ministro-da-defesa-garante-empenho-do-executivo-na-melhoria-das-condicoes-sociais-dos-antigos-combatentes","status":"publish","type":"post","link":"https:\/\/www.radiomais.ao\/index.php\/2026\/02\/05\/ministro-da-defesa-garante-empenho-do-executivo-na-melhoria-das-condicoes-sociais-dos-antigos-combatentes\/","title":{"rendered":"Ministro da Defesa garante empenho do Executivo na melhoria das condi\u00e7\u00f5es sociais dos antigos combatentes"},"content":{"rendered":"\n<p><strong>Os angolanos celebraram e recordaram, ontem, o hero\u00edsmo e a bravura de homens e mulheres que, no dia 4 de Fevereiro de 1961, enfrentaram o regime colonial portugu\u00eas, tra\u00e7ando o caminho para o alcance da Independ\u00eancia Nacional<\/strong><\/p>\n\n\n\n<p>O ministro da Defesa Nacional, Antigos Combates e Veteranos da P\u00e1tria, Jo\u00e3o Ernesto dos Santos \u201cLiberdade\u201d, rendeu, ontem, uma homenagem aos Her\u00f3is Nacionais, durante uma cerim\u00f3nia comemorativa ao 65.\u00b0 anivers\u00e1rio do In\u00edcio da Luta Armada de Li- berta\u00e7\u00e3o Nacional, que decorreu na Fortaleza de S\u00e3o Miguel, Museu de Hist\u00f3ria Militar.<\/p>\n\n\n\n<p>Na ocasi\u00e3o, Jo\u00e3o Ernesto dos Santos garantiu que o Executivo tudo tem estado a fazer para a cria\u00e7\u00e3o de condi\u00e7\u00f5es que possam proporcionar uma vida melhor a todos aqueles que lutaram pela independ\u00eancia e pela conquista da paz, unidade e reconcilia\u00e7\u00e3o nacional. Ainda na senda das homena- gens, o ministro depositou uma coroa de flores no t\u00famulo do \u201cSoldado Desconhecido\u201d, situado na Marginal de Luanda.<\/p>\n\n\n\n<p>O ministro reconheceu que o Marco Hist\u00f3rico do 4 de Fevereiro, sito no Munic\u00edpio do Cazenga em Luanda, deve merecer especial aten\u00e7\u00e3o por parte do Executivo. J\u00e1 o vice-governador de Luanda para o sector pol\u00edtico e social, Manuel Gon\u00e7alves, referiu que o Governo Provincial de Luanda tem desenvolvido v\u00e1rias ac\u00e7\u00f5es que visam a valoriza\u00e7\u00e3o do legado dos her\u00f3is do 4 de Fevereiro.<\/p>\n","protected":false},"excerpt":{"rendered":"<p>Os angolanos celebraram e recordaram, ontem, o hero\u00edsmo e a bravura de homens e mulheres que, no dia 4 de Fevereiro de 1961, enfrentaram o regime colonial portugu\u00eas, tra\u00e7ando o caminho para o alcance da Independ\u00eancia Nacional O ministro da Defesa Nacional, Antigos Combates e Veteranos da P\u00e1tria, Jo\u00e3o Ernesto dos Santos \u201cLiberdade\u201d, rendeu, ontem, [&hellip;]<\/p>\n","protected":false},"author":3,"featured_media":4640,"comment_status":"open","ping_status":"open","sticky":false,"template":"","format":"standard","meta":{"footnotes":""},"categories":[16],"tags":[1962],"class_list":["post-4639","post","type-post","status-publish","format-standard","has-post-thumbnail","hentry","category-actualidade","tag-ministro-da-defesa-garante-empenho-do-executivo"],"blocksy_meta":[],"_links":{"self":[{"href":"https:\/\/www.radiomais.ao\/index.php\/wp-json\/wp\/v2\/posts\/4639","targetHints":{"allow":["GET"]}}],"collection":[{"href":"https:\/\/www.radiomais.ao\/index.php\/wp-json\/wp\/v2\/posts"}],"about":[{"href":"https:\/\/www.radiomais.ao\/index.php\/wp-json\/wp\/v2\/types\/post"}],"author":[{"embeddable":true,"href":"https:\/\/www.radiomais.ao\/index.php\/wp-json\/wp\/v2\/users\/3"}],"replies":[{"embeddable":true,"href":"https:\/\/www.radiomais.ao\/index.php\/wp-json\/wp\/v2\/comments?post=4639"}],"version-history":[{"count":1,"href":"https:\/\/www.radiomais.ao\/index.php\/wp-json\/wp\/v2\/posts\/4639\/revisions"}],"predecessor-version":[{"id":4641,"href":"https:\/\/www.radiomais.ao\/index.php\/wp-json\/wp\/v2\/posts\/4639\/revisions\/4641"}],"wp:featuredmedia":[{"embeddable":true,"href":"https:\/\/www.radiomais.ao\/index.php\/wp-json\/wp\/v2\/media\/4640"}],"wp:attachment":[{"href":"https:\/\/www.radiomais.ao\/index.php\/wp-json\/wp\/v2\/media?parent=4639"}],"wp:term":[{"taxonomy":"category","embeddable":true,"href":"https:\/\/www.radiomais.ao\/index.php\/wp-json\/wp\/v2\/categories?post=4639"},{"taxonomy":"post_tag","embeddable":true,"href":"https:\/\/www.radiomais.ao\/index.php\/wp-json\/wp\/v2\/tags?post=4639"}],"curies":[{"name":"wp","href":"https:\/\/api.w.org\/{rel}","templated":true}]}}