{"id":4645,"date":"2026-02-05T09:57:28","date_gmt":"2026-02-05T08:57:28","guid":{"rendered":"https:\/\/www.radiomais.ao\/?p=4645"},"modified":"2026-02-05T09:57:28","modified_gmt":"2026-02-05T08:57:28","slug":"comercializacao-de-combustiveis-da-refinaria-de-cabinda-pode-comecar-em-marco","status":"publish","type":"post","link":"https:\/\/www.radiomais.ao\/index.php\/2026\/02\/05\/comercializacao-de-combustiveis-da-refinaria-de-cabinda-pode-comecar-em-marco\/","title":{"rendered":"Comercializa\u00e7\u00e3o de combust\u00edveis da Refinaria de Cabinda pode come\u00e7ar em Mar\u00e7o."},"content":{"rendered":"\n<p><strong>O CEO da Gemcorp, Marcelo Hofke, anunciou, em Luanda, que o in\u00edcio da venda dos derivados do petr\u00f3leo provenientes da Refinaria de Cabinda est\u00e1 previsto para Mar\u00e7o do ano em curso, t\u00e3o logo se termine a fase dos testes de performance, no final deste m\u00eas de Fevereiro<\/strong><\/p>\n\n\n\n<p>Em declara\u00e7\u00f5es \u00e0 imprensa, depois do lan\u00e7amento da plataforma Imbono, que decorreu na capital do pa\u00eds, recentemente, Marcelo Hofke explicou que os testes s\u00f3 n\u00e3o terminaram no ano passado devido \u00e0 sua complexidade. Por se tratar de activos de \u00f3leo e g\u00e1s, o respons\u00e1vel considerou normal que tal atraso se registasse.<\/p>\n\n\n\n<p>Entretanto, garantiu que, ap\u00f3s a finaliza\u00e7\u00e3o deste processo, a refinaria vai come\u00e7ar com a prepara\u00e7\u00e3o para poder entregar os produtos para a Sonangol, que os vai comercializar a partir de Mar\u00e7o pr\u00f3ximo. \u201cDepois vamos come\u00e7ar a prepara\u00e7\u00e3o para poder entregar os produtos para a Sonangol, que \u00e9 quem comercializa.<\/p>\n\n\n\n<p>A Sonangol vai estar, obviamente, recebendo derivados como jet fuel, que \u00e9 para parte dos avi\u00f5es, HFO e naf- ta\u201d, afirmou. A Sonangol det\u00e9m 10 por cento de participa\u00e7\u00e3o da Refinaria, a primeira constru\u00edda p\u00f3s-independ\u00eancia, que tem uma capacidade de refina\u00e7\u00e3o di\u00e1ria, na primeira fase, de 30 mil barris de petr\u00f3leo. Marcelo Hofke disse que decorrem obras de engenharia da se- gunda fase do projecto, at\u00e9 Outubro, seguindo-se a abertura do concurso de constru\u00e7\u00e3o.<\/p>\n","protected":false},"excerpt":{"rendered":"<p>O CEO da Gemcorp, Marcelo Hofke, anunciou, em Luanda, que o in\u00edcio da venda dos derivados do petr\u00f3leo provenientes da Refinaria de Cabinda est\u00e1 previsto para Mar\u00e7o do ano em curso, t\u00e3o logo se termine a fase dos testes de performance, no final deste m\u00eas de Fevereiro Em declara\u00e7\u00f5es \u00e0 imprensa, depois do lan\u00e7amento da [&hellip;]<\/p>\n","protected":false},"author":3,"featured_media":4646,"comment_status":"open","ping_status":"open","sticky":false,"template":"","format":"standard","meta":{"footnotes":""},"categories":[16],"tags":[1963],"class_list":["post-4645","post","type-post","status-publish","format-standard","has-post-thumbnail","hentry","category-actualidade","tag-refinaria-de-cabinda"],"blocksy_meta":[],"_links":{"self":[{"href":"https:\/\/www.radiomais.ao\/index.php\/wp-json\/wp\/v2\/posts\/4645","targetHints":{"allow":["GET"]}}],"collection":[{"href":"https:\/\/www.radiomais.ao\/index.php\/wp-json\/wp\/v2\/posts"}],"about":[{"href":"https:\/\/www.radiomais.ao\/index.php\/wp-json\/wp\/v2\/types\/post"}],"author":[{"embeddable":true,"href":"https:\/\/www.radiomais.ao\/index.php\/wp-json\/wp\/v2\/users\/3"}],"replies":[{"embeddable":true,"href":"https:\/\/www.radiomais.ao\/index.php\/wp-json\/wp\/v2\/comments?post=4645"}],"version-history":[{"count":1,"href":"https:\/\/www.radiomais.ao\/index.php\/wp-json\/wp\/v2\/posts\/4645\/revisions"}],"predecessor-version":[{"id":4647,"href":"https:\/\/www.radiomais.ao\/index.php\/wp-json\/wp\/v2\/posts\/4645\/revisions\/4647"}],"wp:featuredmedia":[{"embeddable":true,"href":"https:\/\/www.radiomais.ao\/index.php\/wp-json\/wp\/v2\/media\/4646"}],"wp:attachment":[{"href":"https:\/\/www.radiomais.ao\/index.php\/wp-json\/wp\/v2\/media?parent=4645"}],"wp:term":[{"taxonomy":"category","embeddable":true,"href":"https:\/\/www.radiomais.ao\/index.php\/wp-json\/wp\/v2\/categories?post=4645"},{"taxonomy":"post_tag","embeddable":true,"href":"https:\/\/www.radiomais.ao\/index.php\/wp-json\/wp\/v2\/tags?post=4645"}],"curies":[{"name":"wp","href":"https:\/\/api.w.org\/{rel}","templated":true}]}}