{"id":4651,"date":"2026-02-05T10:07:12","date_gmt":"2026-02-05T09:07:12","guid":{"rendered":"https:\/\/www.radiomais.ao\/?p=4651"},"modified":"2026-02-05T10:07:12","modified_gmt":"2026-02-05T09:07:12","slug":"minsa-envia-104-bolseiros-ao-brasil-e-lanca-especializacao-em-bioquimica-e-hematologia-no-cunene","status":"publish","type":"post","link":"https:\/\/www.radiomais.ao\/index.php\/2026\/02\/05\/minsa-envia-104-bolseiros-ao-brasil-e-lanca-especializacao-em-bioquimica-e-hematologia-no-cunene\/","title":{"rendered":"MINSA envia 104 bolseiros ao Brasil e lan\u00e7a especializa\u00e7\u00e3o em Bioqu\u00edmica e Hematologia no Cunene."},"content":{"rendered":"\n<p><strong>O Minist\u00e9rio da Sa\u00fade (MINSA) realizou, no Complexo Hospitalar General Pedro Maria Tonha \u201cPedal\u00e9\u201d, o acto oficial de acolhimento de 104 profissionais de sa\u00fade bolseiros que seguem, neste fim-de-semana, para a Rep\u00fablica Federativa do Brasil, onde ir\u00e3o frequentar forma\u00e7\u00f5es especializadas no \u00e2mbito da coopera\u00e7\u00e3o bilateral entre os governos de Angola e do Brasil<\/strong>.<\/p>\n\n\n\n<p>O acto foi conduzido pelo gestor t\u00e9cnico e coordenador do Projecto de Forma\u00e7\u00e3o de Recursos Humanos em Sa\u00fade (PFRHS), Job Monteiro, em representa\u00e7\u00e3o da Ministra da Sa\u00fade, S\u00edlvia Lutucuta.<\/p>\n\n\n\n<p>Na ocasi\u00e3o, o respons\u00e1vel destacou que os bolseiros representam \u201cum investimento estrat\u00e9gico do Estado angolano\u201d, sublinhando que os mesmos dever\u00e3o regressar ao pa\u00eds com maiores compet\u00eancias t\u00e9cnicas, rigor profissional e sentido de miss\u00e3o, tornando-se formadores e multiplicadores do conhecimento adquirido, assegurando a sustentabilidade do Sistema Nacional de Sa\u00fade.<\/p>\n\n\n\n<p>No quadro da coopera\u00e7\u00e3o Angola\u2013 Brasil, das 1.271 vagas disponibilizadas por institui\u00e7\u00f5es brasileiras em Outubro de 2025, foram aprovados 800 profissionais do Servi\u00e7o Nacional de Sa\u00fade, oriundos de todas as prov\u00edncias do pa\u00eds, encontrando-se estes em diferentes fases do processo administrativo.<\/p>\n","protected":false},"excerpt":{"rendered":"<p>O Minist\u00e9rio da Sa\u00fade (MINSA) realizou, no Complexo Hospitalar General Pedro Maria Tonha \u201cPedal\u00e9\u201d, o acto oficial de acolhimento de 104 profissionais de sa\u00fade bolseiros que seguem, neste fim-de-semana, para a Rep\u00fablica Federativa do Brasil, onde ir\u00e3o frequentar forma\u00e7\u00f5es especializadas no \u00e2mbito da coopera\u00e7\u00e3o bilateral entre os governos de Angola e do Brasil. O acto [&hellip;]<\/p>\n","protected":false},"author":3,"featured_media":4652,"comment_status":"open","ping_status":"open","sticky":false,"template":"","format":"standard","meta":{"footnotes":""},"categories":[16],"tags":[1964],"class_list":["post-4651","post","type-post","status-publish","format-standard","has-post-thumbnail","hentry","category-actualidade","tag-minsa-envia-104-bolseiros-ao-brasil"],"blocksy_meta":[],"_links":{"self":[{"href":"https:\/\/www.radiomais.ao\/index.php\/wp-json\/wp\/v2\/posts\/4651","targetHints":{"allow":["GET"]}}],"collection":[{"href":"https:\/\/www.radiomais.ao\/index.php\/wp-json\/wp\/v2\/posts"}],"about":[{"href":"https:\/\/www.radiomais.ao\/index.php\/wp-json\/wp\/v2\/types\/post"}],"author":[{"embeddable":true,"href":"https:\/\/www.radiomais.ao\/index.php\/wp-json\/wp\/v2\/users\/3"}],"replies":[{"embeddable":true,"href":"https:\/\/www.radiomais.ao\/index.php\/wp-json\/wp\/v2\/comments?post=4651"}],"version-history":[{"count":1,"href":"https:\/\/www.radiomais.ao\/index.php\/wp-json\/wp\/v2\/posts\/4651\/revisions"}],"predecessor-version":[{"id":4653,"href":"https:\/\/www.radiomais.ao\/index.php\/wp-json\/wp\/v2\/posts\/4651\/revisions\/4653"}],"wp:featuredmedia":[{"embeddable":true,"href":"https:\/\/www.radiomais.ao\/index.php\/wp-json\/wp\/v2\/media\/4652"}],"wp:attachment":[{"href":"https:\/\/www.radiomais.ao\/index.php\/wp-json\/wp\/v2\/media?parent=4651"}],"wp:term":[{"taxonomy":"category","embeddable":true,"href":"https:\/\/www.radiomais.ao\/index.php\/wp-json\/wp\/v2\/categories?post=4651"},{"taxonomy":"post_tag","embeddable":true,"href":"https:\/\/www.radiomais.ao\/index.php\/wp-json\/wp\/v2\/tags?post=4651"}],"curies":[{"name":"wp","href":"https:\/\/api.w.org\/{rel}","templated":true}]}}