{"id":4654,"date":"2026-02-05T10:12:35","date_gmt":"2026-02-05T09:12:35","guid":{"rendered":"https:\/\/www.radiomais.ao\/?p=4654"},"modified":"2026-02-05T10:12:35","modified_gmt":"2026-02-05T09:12:35","slug":"mais-de-129-mil-familias-beneficiam-do-programa-kwenda-na-provincia-de-benguela","status":"publish","type":"post","link":"https:\/\/www.radiomais.ao\/index.php\/2026\/02\/05\/mais-de-129-mil-familias-beneficiam-do-programa-kwenda-na-provincia-de-benguela\/","title":{"rendered":"Mais de 129 mil fam\u00edlias beneficiam do Programa Kwenda na prov\u00edncia de Benguela."},"content":{"rendered":"\n<p><strong>Mais de 129 mil fam\u00edlias da prov\u00edncia de Benguela j\u00e1 beneficiaram do Programa de Fortalecimento da Protec\u00e7\u00e3o Social (Kwenda), at\u00e9 Novembro do ano passado, atrav\u00e9s das transfer\u00eancias sociais monet\u00e1rias. A informa\u00e7\u00e3o foi avan\u00e7ada pelo governador provincial de Benguela, Manuel Nunes J\u00fanior, durante o lan\u00e7amento oficial do Kwenda II, nos munic\u00edpios de Benguela e dos Navegantes<\/strong>.<\/p>\n\n\n\n<p>Na ocasi\u00e3o, o governante destacou que o programa tem contribu\u00eddo, de forma inequ\u00edvoca, tanto a n\u00edvel provincial como nacional, para a redu\u00e7\u00e3o da vulnerabilidade social e para a melhoria das condi\u00e7\u00f5es de vida das popula\u00e7\u00f5es mais empobrecidas.<\/p>\n\n\n\n<p>Manuel Nunes J\u00fanior chamou ainda aten\u00e7\u00e3o para a complexa realidade social vivida pela comunidade do bairro da Caota, no munic\u00edpio de Navegantes, marcada por extrema pobreza, escassez de emprego e fraco acesso a servi\u00e7os sociais b\u00e1sicos como educa\u00e7\u00e3o, sa\u00fade, saneamento, seguran\u00e7a p\u00fablica e condi\u00e7\u00f5es de conforto. Acrescentou ainda que existem den\u00fancias p\u00fablicas, inclusive a n\u00edvel internacional, sobre pr\u00e1ticas de explora\u00e7\u00e3o sexual de menores naquela localidade.<\/p>\n","protected":false},"excerpt":{"rendered":"<p>Mais de 129 mil fam\u00edlias da prov\u00edncia de Benguela j\u00e1 beneficiaram do Programa de Fortalecimento da Protec\u00e7\u00e3o Social (Kwenda), at\u00e9 Novembro do ano passado, atrav\u00e9s das transfer\u00eancias sociais monet\u00e1rias. A informa\u00e7\u00e3o foi avan\u00e7ada pelo governador provincial de Benguela, Manuel Nunes J\u00fanior, durante o lan\u00e7amento oficial do Kwenda II, nos munic\u00edpios de Benguela e dos Navegantes. [&hellip;]<\/p>\n","protected":false},"author":3,"featured_media":4655,"comment_status":"open","ping_status":"open","sticky":false,"template":"","format":"standard","meta":{"footnotes":""},"categories":[16],"tags":[95,1965],"class_list":["post-4654","post","type-post","status-publish","format-standard","has-post-thumbnail","hentry","category-actualidade","tag-benguela","tag-kwenda"],"blocksy_meta":[],"_links":{"self":[{"href":"https:\/\/www.radiomais.ao\/index.php\/wp-json\/wp\/v2\/posts\/4654","targetHints":{"allow":["GET"]}}],"collection":[{"href":"https:\/\/www.radiomais.ao\/index.php\/wp-json\/wp\/v2\/posts"}],"about":[{"href":"https:\/\/www.radiomais.ao\/index.php\/wp-json\/wp\/v2\/types\/post"}],"author":[{"embeddable":true,"href":"https:\/\/www.radiomais.ao\/index.php\/wp-json\/wp\/v2\/users\/3"}],"replies":[{"embeddable":true,"href":"https:\/\/www.radiomais.ao\/index.php\/wp-json\/wp\/v2\/comments?post=4654"}],"version-history":[{"count":1,"href":"https:\/\/www.radiomais.ao\/index.php\/wp-json\/wp\/v2\/posts\/4654\/revisions"}],"predecessor-version":[{"id":4656,"href":"https:\/\/www.radiomais.ao\/index.php\/wp-json\/wp\/v2\/posts\/4654\/revisions\/4656"}],"wp:featuredmedia":[{"embeddable":true,"href":"https:\/\/www.radiomais.ao\/index.php\/wp-json\/wp\/v2\/media\/4655"}],"wp:attachment":[{"href":"https:\/\/www.radiomais.ao\/index.php\/wp-json\/wp\/v2\/media?parent=4654"}],"wp:term":[{"taxonomy":"category","embeddable":true,"href":"https:\/\/www.radiomais.ao\/index.php\/wp-json\/wp\/v2\/categories?post=4654"},{"taxonomy":"post_tag","embeddable":true,"href":"https:\/\/www.radiomais.ao\/index.php\/wp-json\/wp\/v2\/tags?post=4654"}],"curies":[{"name":"wp","href":"https:\/\/api.w.org\/{rel}","templated":true}]}}