{"id":4660,"date":"2026-02-05T14:50:50","date_gmt":"2026-02-05T13:50:50","guid":{"rendered":"https:\/\/www.radiomais.ao\/?p=4660"},"modified":"2026-02-05T14:50:50","modified_gmt":"2026-02-05T13:50:50","slug":"prodel-desmente-falsa-informacao-de-recrutamento","status":"publish","type":"post","link":"https:\/\/www.radiomais.ao\/index.php\/2026\/02\/05\/prodel-desmente-falsa-informacao-de-recrutamento\/","title":{"rendered":"PRODEL desmente falsa informa\u00e7\u00e3o de recrutamento."},"content":{"rendered":"\n<p>A Empresa P\u00fablica de Produ\u00e7\u00e3o de Electricidade \u2013 PRODEL, E.P. informa que tem vindo a circular, em diversas plataformas digitais, incluindo redes sociais, um alegado an\u00fancio de recrutamento atribu\u00eddo \u00e0 PRODEL.<\/p>\n\n\n\n<p>A PRODEL esclarece que n\u00e3o emitiu, nem autorizou, a divulga\u00e7\u00e3o do referido comunicado, reconhecendo a sua origem, autoria ou legitimidade.<\/p>\n\n\n\n<p>De acordo a um comunicado que este jornal teve acesso, a PRODEL alerta n\u00e3o estar a conduzir qualquer processo de recrutamento, atrav\u00e9s das redes sociais ou de p\u00e1ginas institucionais, entretanto, afirma que est\u00e1 em curso o processo de dimensionamento interno das equipas por \u00e1reas.<\/p>\n\n\n\n<p><br>A Empresa P\u00fablica de Produ\u00e7\u00e3o de Electricidade de Angola, reitera que todas as informa\u00e7\u00f5es oficiais, incluindo eventuais an\u00fancios de oportunidades de emprego, s\u00e3o divulgadas exclusivamente atrav\u00e9s dos canais institucionais e oficiais da empresa.<br>Recomenda ao p\u00fablico a desconsiderar a referida publica\u00e7\u00e3o, evitando partilha de dados pessoais ou efectuar quaisquer pagamentos associados a supostos processos de candidatura. Fonte <strong><em><a href=\"https:\/\/www.opais.ao\/sociedade\/prodel-desmente-falsa-informacao-de-recrutamento\/\">Opais<\/a><\/em><\/strong><\/p>\n","protected":false},"excerpt":{"rendered":"<p>A Empresa P\u00fablica de Produ\u00e7\u00e3o de Electricidade \u2013 PRODEL, E.P. informa que tem vindo a circular, em diversas plataformas digitais, incluindo redes sociais, um alegado an\u00fancio de recrutamento atribu\u00eddo \u00e0 PRODEL. A PRODEL esclarece que n\u00e3o emitiu, nem autorizou, a divulga\u00e7\u00e3o do referido comunicado, reconhecendo a sua origem, autoria ou legitimidade. De acordo a um [&hellip;]<\/p>\n","protected":false},"author":3,"featured_media":4661,"comment_status":"open","ping_status":"open","sticky":false,"template":"","format":"standard","meta":{"footnotes":""},"categories":[16],"tags":[1967],"class_list":["post-4660","post","type-post","status-publish","format-standard","has-post-thumbnail","hentry","category-actualidade","tag-prodel-desmente-falsa-informacao-de-recrutamento"],"blocksy_meta":[],"_links":{"self":[{"href":"https:\/\/www.radiomais.ao\/index.php\/wp-json\/wp\/v2\/posts\/4660","targetHints":{"allow":["GET"]}}],"collection":[{"href":"https:\/\/www.radiomais.ao\/index.php\/wp-json\/wp\/v2\/posts"}],"about":[{"href":"https:\/\/www.radiomais.ao\/index.php\/wp-json\/wp\/v2\/types\/post"}],"author":[{"embeddable":true,"href":"https:\/\/www.radiomais.ao\/index.php\/wp-json\/wp\/v2\/users\/3"}],"replies":[{"embeddable":true,"href":"https:\/\/www.radiomais.ao\/index.php\/wp-json\/wp\/v2\/comments?post=4660"}],"version-history":[{"count":1,"href":"https:\/\/www.radiomais.ao\/index.php\/wp-json\/wp\/v2\/posts\/4660\/revisions"}],"predecessor-version":[{"id":4662,"href":"https:\/\/www.radiomais.ao\/index.php\/wp-json\/wp\/v2\/posts\/4660\/revisions\/4662"}],"wp:featuredmedia":[{"embeddable":true,"href":"https:\/\/www.radiomais.ao\/index.php\/wp-json\/wp\/v2\/media\/4661"}],"wp:attachment":[{"href":"https:\/\/www.radiomais.ao\/index.php\/wp-json\/wp\/v2\/media?parent=4660"}],"wp:term":[{"taxonomy":"category","embeddable":true,"href":"https:\/\/www.radiomais.ao\/index.php\/wp-json\/wp\/v2\/categories?post=4660"},{"taxonomy":"post_tag","embeddable":true,"href":"https:\/\/www.radiomais.ao\/index.php\/wp-json\/wp\/v2\/tags?post=4660"}],"curies":[{"name":"wp","href":"https:\/\/api.w.org\/{rel}","templated":true}]}}