{"id":4663,"date":"2026-02-05T15:00:23","date_gmt":"2026-02-05T14:00:23","guid":{"rendered":"https:\/\/www.radiomais.ao\/?p=4663"},"modified":"2026-02-05T15:00:23","modified_gmt":"2026-02-05T14:00:23","slug":"funcionario-da-elisal-morre-apos-acidente-de-viacao-nos-mulenvos","status":"publish","type":"post","link":"https:\/\/www.radiomais.ao\/index.php\/2026\/02\/05\/funcionario-da-elisal-morre-apos-acidente-de-viacao-nos-mulenvos\/","title":{"rendered":"Funcion\u00e1rio da Elisal morre ap\u00f3s acidente de via\u00e7\u00e3o nos Mulenvos."},"content":{"rendered":"\n<p>Um funcion\u00e1rio da Elisal perdeu a vida nas primeiras horas desta quinta-feira, 5, no munic\u00edpio dos Mulenvos, em Luanda, em consequ\u00eancia de um grave acidente de via\u00e7\u00e3o que envolveu o carro da empresa.<\/p>\n\n\n\n<p>Segundo informa\u00e7\u00f5es obtidas por este Jornal, a v\u00edtima encontrava-se no interior da viatura quando esta colidiu com duas viaturas e embateu numa resid\u00eancia no bairro Pap\u00e1 Sim\u00e3o.<\/p>\n\n\n\n<p>Al\u00e9m da morte, somam-se tamb\u00e9m danos materiais avultados uma vez que o sector el\u00e9ctrico tamb\u00e9m ficou afectado, al\u00e9m de um ferido. Ler mais em<strong><em><a href=\"https:\/\/www.opais.ao\/sociedade\/funcionario-da-elisal-morre-apos-acidente-de-viacao-nos-mulenvos\/\"> Opa\u00eds<\/a><\/em><\/strong><\/p>\n","protected":false},"excerpt":{"rendered":"<p>Um funcion\u00e1rio da Elisal perdeu a vida nas primeiras horas desta quinta-feira, 5, no munic\u00edpio dos Mulenvos, em Luanda, em consequ\u00eancia de um grave acidente de via\u00e7\u00e3o que envolveu o carro da empresa. Segundo informa\u00e7\u00f5es obtidas por este Jornal, a v\u00edtima encontrava-se no interior da viatura quando esta colidiu com duas viaturas e embateu numa [&hellip;]<\/p>\n","protected":false},"author":3,"featured_media":4664,"comment_status":"open","ping_status":"open","sticky":false,"template":"","format":"standard","meta":{"footnotes":""},"categories":[16],"tags":[1968],"class_list":["post-4663","post","type-post","status-publish","format-standard","has-post-thumbnail","hentry","category-actualidade","tag-funcionario-da-elisal-morre-apos-acidente-de-viacao-nos-mulenvos"],"blocksy_meta":[],"_links":{"self":[{"href":"https:\/\/www.radiomais.ao\/index.php\/wp-json\/wp\/v2\/posts\/4663","targetHints":{"allow":["GET"]}}],"collection":[{"href":"https:\/\/www.radiomais.ao\/index.php\/wp-json\/wp\/v2\/posts"}],"about":[{"href":"https:\/\/www.radiomais.ao\/index.php\/wp-json\/wp\/v2\/types\/post"}],"author":[{"embeddable":true,"href":"https:\/\/www.radiomais.ao\/index.php\/wp-json\/wp\/v2\/users\/3"}],"replies":[{"embeddable":true,"href":"https:\/\/www.radiomais.ao\/index.php\/wp-json\/wp\/v2\/comments?post=4663"}],"version-history":[{"count":1,"href":"https:\/\/www.radiomais.ao\/index.php\/wp-json\/wp\/v2\/posts\/4663\/revisions"}],"predecessor-version":[{"id":4665,"href":"https:\/\/www.radiomais.ao\/index.php\/wp-json\/wp\/v2\/posts\/4663\/revisions\/4665"}],"wp:featuredmedia":[{"embeddable":true,"href":"https:\/\/www.radiomais.ao\/index.php\/wp-json\/wp\/v2\/media\/4664"}],"wp:attachment":[{"href":"https:\/\/www.radiomais.ao\/index.php\/wp-json\/wp\/v2\/media?parent=4663"}],"wp:term":[{"taxonomy":"category","embeddable":true,"href":"https:\/\/www.radiomais.ao\/index.php\/wp-json\/wp\/v2\/categories?post=4663"},{"taxonomy":"post_tag","embeddable":true,"href":"https:\/\/www.radiomais.ao\/index.php\/wp-json\/wp\/v2\/tags?post=4663"}],"curies":[{"name":"wp","href":"https:\/\/api.w.org\/{rel}","templated":true}]}}