{"id":4667,"date":"2026-02-06T09:24:36","date_gmt":"2026-02-06T08:24:36","guid":{"rendered":"https:\/\/www.radiomais.ao\/?p=4667"},"modified":"2026-02-06T09:24:36","modified_gmt":"2026-02-06T08:24:36","slug":"corredor-do-lobito-deve-ser-um-motor-de-transformacao-economica","status":"publish","type":"post","link":"https:\/\/www.radiomais.ao\/index.php\/2026\/02\/06\/corredor-do-lobito-deve-ser-um-motor-de-transformacao-economica\/","title":{"rendered":"\u201cCorredor do Lobito deve ser um motor de transforma\u00e7\u00e3o econ\u00f3mica\u201d."},"content":{"rendered":"\n<p><strong>O Presidente da Rep\u00fablica, Jo\u00e3o Louren\u00e7o, considerou, nesta Quinta-feira, em Luanda, na abertura da Reuni\u00e3o Inaugural de Coordena\u00e7\u00e3o do Corredor do Lobito, que os tr\u00eas pa\u00edses j\u00e1 trabalharam em diferentes formatos para afirmar a prioridade estrat\u00e9gica e aproximar vis\u00f5es sobre governan\u00e7a, investimentos e facilita\u00e7\u00e3o do tr\u00e2nsito, com a institucionaliza\u00e7\u00e3o da Ag\u00eancia de Facilita\u00e7\u00e3o do Corredor do Lobito<\/strong>.<\/p>\n\n\n\n<p>Para o Chefe de Estado, a Reuni\u00e3o de Alto N\u00edvel sobre o Mecanismo de Coordena\u00e7\u00e3o do Corredor do Lobito representa, uma consolida\u00e7\u00e3o que consiste em elevar a coordena\u00e7\u00e3o a um patamar mais operativo, assegurando a harmoniza\u00e7\u00e3o regulamentar e de processos de facilita\u00e7\u00e3o, com metas, responsabilidades e acompanhamento regular.<\/p>\n\n\n\n<p>\u201cO Corredor do Lobito deve ser um verdadeiro motor de transforma\u00e7\u00e3o econ\u00f3mica\u201d, assinalou, sublinhado a necessidade do mesmo impulsionar o desenvolvimento do agroneg\u00f3cio, promover a transforma\u00e7\u00e3o industrial, fortalecer cadeias de valor regionais e criar oportunidades econ\u00f3micas sustent\u00e1veis, gerar empregos dignos, com especial aten\u00e7\u00e3o para os jovens e as mulheres, garantindo que o crescimento econ\u00f3mico se traduza numa melhoria efectiva da qualidade de vida das popula\u00e7\u00f5es das \u00e1reas abrangidas. Ler mais em <strong><em><a href=\"https:\/\/www.opais.ao\/economia\/corredor-do-lobito-deve-ser-um-motor-de-transformacao-economica\/\">Opa\u00eds<\/a><\/em><\/strong><\/p>\n","protected":false},"excerpt":{"rendered":"<p>O Presidente da Rep\u00fablica, Jo\u00e3o Louren\u00e7o, considerou, nesta Quinta-feira, em Luanda, na abertura da Reuni\u00e3o Inaugural de Coordena\u00e7\u00e3o do Corredor do Lobito, que os tr\u00eas pa\u00edses j\u00e1 trabalharam em diferentes formatos para afirmar a prioridade estrat\u00e9gica e aproximar vis\u00f5es sobre governan\u00e7a, investimentos e facilita\u00e7\u00e3o do tr\u00e2nsito, com a institucionaliza\u00e7\u00e3o da Ag\u00eancia de Facilita\u00e7\u00e3o do Corredor [&hellip;]<\/p>\n","protected":false},"author":3,"featured_media":4668,"comment_status":"open","ping_status":"open","sticky":false,"template":"","format":"standard","meta":{"footnotes":""},"categories":[16],"tags":[1034],"class_list":["post-4667","post","type-post","status-publish","format-standard","has-post-thumbnail","hentry","category-actualidade","tag-corredor-do-lobito"],"blocksy_meta":[],"_links":{"self":[{"href":"https:\/\/www.radiomais.ao\/index.php\/wp-json\/wp\/v2\/posts\/4667","targetHints":{"allow":["GET"]}}],"collection":[{"href":"https:\/\/www.radiomais.ao\/index.php\/wp-json\/wp\/v2\/posts"}],"about":[{"href":"https:\/\/www.radiomais.ao\/index.php\/wp-json\/wp\/v2\/types\/post"}],"author":[{"embeddable":true,"href":"https:\/\/www.radiomais.ao\/index.php\/wp-json\/wp\/v2\/users\/3"}],"replies":[{"embeddable":true,"href":"https:\/\/www.radiomais.ao\/index.php\/wp-json\/wp\/v2\/comments?post=4667"}],"version-history":[{"count":1,"href":"https:\/\/www.radiomais.ao\/index.php\/wp-json\/wp\/v2\/posts\/4667\/revisions"}],"predecessor-version":[{"id":4669,"href":"https:\/\/www.radiomais.ao\/index.php\/wp-json\/wp\/v2\/posts\/4667\/revisions\/4669"}],"wp:featuredmedia":[{"embeddable":true,"href":"https:\/\/www.radiomais.ao\/index.php\/wp-json\/wp\/v2\/media\/4668"}],"wp:attachment":[{"href":"https:\/\/www.radiomais.ao\/index.php\/wp-json\/wp\/v2\/media?parent=4667"}],"wp:term":[{"taxonomy":"category","embeddable":true,"href":"https:\/\/www.radiomais.ao\/index.php\/wp-json\/wp\/v2\/categories?post=4667"},{"taxonomy":"post_tag","embeddable":true,"href":"https:\/\/www.radiomais.ao\/index.php\/wp-json\/wp\/v2\/tags?post=4667"}],"curies":[{"name":"wp","href":"https:\/\/api.w.org\/{rel}","templated":true}]}}