{"id":467,"date":"2025-06-24T10:01:18","date_gmt":"2025-06-24T09:01:18","guid":{"rendered":"https:\/\/www.radiomais.ao\/?p=467"},"modified":"2025-06-24T10:01:18","modified_gmt":"2025-06-24T09:01:18","slug":"defesa-preocupada-com-a-movimentacao-das-contas-bancarias-das-empresas-do-grupo-cif","status":"publish","type":"post","link":"https:\/\/www.radiomais.ao\/index.php\/2025\/06\/24\/defesa-preocupada-com-a-movimentacao-das-contas-bancarias-das-empresas-do-grupo-cif\/","title":{"rendered":"Defesa preocupada com a movimenta\u00e7\u00e3o das contas banc\u00e1rias das empresas do grupo CIF."},"content":{"rendered":"\n<p class=\"has-medium-font-size\">Os representantes legais das empresas Plansmart International Limited e Utter Right International Limited est\u00e3o preocupados com o facto de as contas banc\u00e1rias da empresa China International Found (CIF) Angola, de que det\u00e9m 40 por cento das ac\u00e7\u00f5es, domiciliadas nos bancos nacionais, estarem a ser movimentadas desde o ano passado pelos respons\u00e1veis da Comiss\u00e3o de Gest\u00e3o de parte do patrim\u00f3nio deste grupo empresarial, nomeados pelo Minist\u00e9rio da Ind\u00fastria e Com\u00e9rcio. Fonte<strong><em><a href=\"https:\/\/www.opais.ao\/politica\/defesa-preocupada-com-a-movimentacao-das-contas-bancarias-das-empresas-do-grupo-cif\/\"> Opa\u00eds<\/a><\/em><\/strong><\/p>\n\n\n\n<p><\/p>\n","protected":false},"excerpt":{"rendered":"<p>Os representantes legais das empresas Plansmart International Limited e Utter Right International Limited est\u00e3o preocupados com o facto de as contas banc\u00e1rias da empresa China International Found (CIF) Angola, de que det\u00e9m 40 por cento das ac\u00e7\u00f5es, domiciliadas nos bancos nacionais, estarem a ser movimentadas desde o ano passado pelos respons\u00e1veis da Comiss\u00e3o de Gest\u00e3o [&hellip;]<\/p>\n","protected":false},"author":3,"featured_media":468,"comment_status":"open","ping_status":"open","sticky":false,"template":"","format":"standard","meta":{"footnotes":""},"categories":[16],"tags":[17],"class_list":["post-467","post","type-post","status-publish","format-standard","has-post-thumbnail","hentry","category-actualidade","tag-defesa-preocupada-com-a-movimentacao-das-contas-bancarias-das-empresas"],"blocksy_meta":[],"_links":{"self":[{"href":"https:\/\/www.radiomais.ao\/index.php\/wp-json\/wp\/v2\/posts\/467","targetHints":{"allow":["GET"]}}],"collection":[{"href":"https:\/\/www.radiomais.ao\/index.php\/wp-json\/wp\/v2\/posts"}],"about":[{"href":"https:\/\/www.radiomais.ao\/index.php\/wp-json\/wp\/v2\/types\/post"}],"author":[{"embeddable":true,"href":"https:\/\/www.radiomais.ao\/index.php\/wp-json\/wp\/v2\/users\/3"}],"replies":[{"embeddable":true,"href":"https:\/\/www.radiomais.ao\/index.php\/wp-json\/wp\/v2\/comments?post=467"}],"version-history":[{"count":1,"href":"https:\/\/www.radiomais.ao\/index.php\/wp-json\/wp\/v2\/posts\/467\/revisions"}],"predecessor-version":[{"id":469,"href":"https:\/\/www.radiomais.ao\/index.php\/wp-json\/wp\/v2\/posts\/467\/revisions\/469"}],"wp:featuredmedia":[{"embeddable":true,"href":"https:\/\/www.radiomais.ao\/index.php\/wp-json\/wp\/v2\/media\/468"}],"wp:attachment":[{"href":"https:\/\/www.radiomais.ao\/index.php\/wp-json\/wp\/v2\/media?parent=467"}],"wp:term":[{"taxonomy":"category","embeddable":true,"href":"https:\/\/www.radiomais.ao\/index.php\/wp-json\/wp\/v2\/categories?post=467"},{"taxonomy":"post_tag","embeddable":true,"href":"https:\/\/www.radiomais.ao\/index.php\/wp-json\/wp\/v2\/tags?post=467"}],"curies":[{"name":"wp","href":"https:\/\/api.w.org\/{rel}","templated":true}]}}