{"id":4670,"date":"2026-02-06T09:29:42","date_gmt":"2026-02-06T08:29:42","guid":{"rendered":"https:\/\/www.radiomais.ao\/?p=4670"},"modified":"2026-02-06T09:29:42","modified_gmt":"2026-02-06T08:29:42","slug":"angola-e-marrocos-abordam-reforco-da-cooperacao-interparlamentar-2","status":"publish","type":"post","link":"https:\/\/www.radiomais.ao\/index.php\/2026\/02\/06\/angola-e-marrocos-abordam-reforco-da-cooperacao-interparlamentar-2\/","title":{"rendered":"Angola e Marrocos abordam refor\u00e7o da coopera\u00e7\u00e3o interparlamentar."},"content":{"rendered":"\n<p>O refor\u00e7o da coopera\u00e7\u00e3o interparlamentar entre Angola e o Marrocos marcou, nesta quinta-feira, 5, o encontro entre o presidente da Assembleia Nacional, Ad\u00e3o de Almeida, e a embaixadora do Reino do Marrocos em Angola, Saadia El Alaoui.<\/p>\n\n\n\n<p>\u00c0 sa\u00edda da audi\u00eancia, Saadia El Alaoui disse que a visita serviu para apresentar felicita\u00e7\u00f5es ao l\u00edder do Parlamento angolano e reiterar a satisfa\u00e7\u00e3o do seu pa\u00eds com o n\u00edvel das rela\u00e7\u00f5es institucionais, defendendo o refor\u00e7o do di\u00e1logo parlamentar entre Angola e Marrocos.<\/p>\n\n\n\n<p>A diplomata recordou o Memorando de Entendimento assinado em 2023 entre a Assembleia Nacional e o Parlamento marroquino, sublinhando que o acordo tem permitido intensificar a troca de experi\u00eancias, o interc\u00e2mbio de informa\u00e7\u00f5es e as consultas regulares entre as duas institui\u00e7\u00f5es legislativas. Ler mais em <strong><em><a href=\"https:\/\/www.opais.ao\/politica\/angola-e-marrocos-abordam-reforco-da-cooperacao-interparlamentar\/\">Opa\u00eds<\/a><\/em><\/strong><\/p>\n","protected":false},"excerpt":{"rendered":"<p>O refor\u00e7o da coopera\u00e7\u00e3o interparlamentar entre Angola e o Marrocos marcou, nesta quinta-feira, 5, o encontro entre o presidente da Assembleia Nacional, Ad\u00e3o de Almeida, e a embaixadora do Reino do Marrocos em Angola, Saadia El Alaoui. \u00c0 sa\u00edda da audi\u00eancia, Saadia El Alaoui disse que a visita serviu para apresentar felicita\u00e7\u00f5es ao l\u00edder do [&hellip;]<\/p>\n","protected":false},"author":3,"featured_media":4658,"comment_status":"open","ping_status":"open","sticky":false,"template":"","format":"standard","meta":{"footnotes":""},"categories":[16],"tags":[1969],"class_list":["post-4670","post","type-post","status-publish","format-standard","has-post-thumbnail","hentry","category-actualidade","tag-angola-e-marrocos"],"blocksy_meta":[],"_links":{"self":[{"href":"https:\/\/www.radiomais.ao\/index.php\/wp-json\/wp\/v2\/posts\/4670","targetHints":{"allow":["GET"]}}],"collection":[{"href":"https:\/\/www.radiomais.ao\/index.php\/wp-json\/wp\/v2\/posts"}],"about":[{"href":"https:\/\/www.radiomais.ao\/index.php\/wp-json\/wp\/v2\/types\/post"}],"author":[{"embeddable":true,"href":"https:\/\/www.radiomais.ao\/index.php\/wp-json\/wp\/v2\/users\/3"}],"replies":[{"embeddable":true,"href":"https:\/\/www.radiomais.ao\/index.php\/wp-json\/wp\/v2\/comments?post=4670"}],"version-history":[{"count":1,"href":"https:\/\/www.radiomais.ao\/index.php\/wp-json\/wp\/v2\/posts\/4670\/revisions"}],"predecessor-version":[{"id":4671,"href":"https:\/\/www.radiomais.ao\/index.php\/wp-json\/wp\/v2\/posts\/4670\/revisions\/4671"}],"wp:featuredmedia":[{"embeddable":true,"href":"https:\/\/www.radiomais.ao\/index.php\/wp-json\/wp\/v2\/media\/4658"}],"wp:attachment":[{"href":"https:\/\/www.radiomais.ao\/index.php\/wp-json\/wp\/v2\/media?parent=4670"}],"wp:term":[{"taxonomy":"category","embeddable":true,"href":"https:\/\/www.radiomais.ao\/index.php\/wp-json\/wp\/v2\/categories?post=4670"},{"taxonomy":"post_tag","embeddable":true,"href":"https:\/\/www.radiomais.ao\/index.php\/wp-json\/wp\/v2\/tags?post=4670"}],"curies":[{"name":"wp","href":"https:\/\/api.w.org\/{rel}","templated":true}]}}