{"id":4672,"date":"2026-02-06T09:33:34","date_gmt":"2026-02-06T08:33:34","guid":{"rendered":"https:\/\/www.radiomais.ao\/?p=4672"},"modified":"2026-02-06T09:33:34","modified_gmt":"2026-02-06T08:33:34","slug":"sector-dos-biocombustiveis-preve-criar-cerca-de-2-milhoes-de-empregos-ate-2050","status":"publish","type":"post","link":"https:\/\/www.radiomais.ao\/index.php\/2026\/02\/06\/sector-dos-biocombustiveis-preve-criar-cerca-de-2-milhoes-de-empregos-ate-2050\/","title":{"rendered":"Sector dos biocombust\u00edveis prev\u00ea criar cerca de 2 milh\u00f5es de empregos at\u00e9 2050."},"content":{"rendered":"\n<p><strong>A Estrat\u00e9gia dos Biocombust\u00edveis de Angola para o per\u00edodo de 2025 a 2050 prev\u00ea a cria\u00e7\u00e3o de cerca de 2 milh\u00f5es de postos de trabalho at\u00e9 2050 e o in\u00edcio da produ\u00e7\u00e3o dos biocombust\u00edveis at\u00e9 ao ano 2030<\/strong>.<\/p>\n\n\n\n<p>A Estrat\u00e9gia dos Biocombust\u00edveis estabelece dois n\u00edveis de objectivos, gerais e espec\u00edficos, com as respectivas ac\u00e7\u00f5es e linhas orientadoras a serem desenvolvidas no per\u00edodo em refer\u00eancia. O objectivo geral da Estrat\u00e9gia dos Biocombust\u00edveis \u00e9 estabelecer um modelo de neg\u00f3cio de biocombust\u00edveis para diversifica\u00e7\u00e3o da matriz energ\u00e9tica e econ\u00f3mica nacional.<\/p>\n\n\n\n<p>Para se alcan\u00e7ar este objectivo, refere o documento, ser\u00e1 necess\u00e1rio atrair investimentos privados para as energias verdes, com \u00eanfase nos biocombust\u00edveis, contribuir para o desenvolvimento das comunidades rurais, por meio da integra\u00e7\u00e3o dos produtores agr\u00edcolas e alinhar o sector petrol\u00edfero com a transi\u00e7\u00e3o energ\u00e9tica, promovendo a descarboniza\u00e7\u00e3o dos activos actuais.<\/p>\n\n\n\n<p>Os objectivos espec\u00edficos prev\u00ea reduzir as emiss\u00f5es de gases de efeito estufa (GEE), a sustentabilidade ambiental; melhorar a efici\u00eancia energ\u00e9tica, promo\u00e7\u00e3o da utiliza\u00e7\u00e3o das energias renov\u00e1veis, e pr\u00e1ticas sustent\u00e1veis em diversos sectores tais como agricultura, ind\u00fastria, constru\u00e7\u00e3o, pescas, ambiente, contribuir para o crescimento econ\u00f3mico e criar pol\u00edticas que promovam o bem-estar social das popula\u00e7\u00f5es, com investimentos em educa\u00e7\u00e3o, sa\u00fade, habita\u00e7\u00e3o, emprego e seguran\u00e7a social.<\/p>\n","protected":false},"excerpt":{"rendered":"<p>A Estrat\u00e9gia dos Biocombust\u00edveis de Angola para o per\u00edodo de 2025 a 2050 prev\u00ea a cria\u00e7\u00e3o de cerca de 2 milh\u00f5es de postos de trabalho at\u00e9 2050 e o in\u00edcio da produ\u00e7\u00e3o dos biocombust\u00edveis at\u00e9 ao ano 2030. A Estrat\u00e9gia dos Biocombust\u00edveis estabelece dois n\u00edveis de objectivos, gerais e espec\u00edficos, com as respectivas ac\u00e7\u00f5es e [&hellip;]<\/p>\n","protected":false},"author":3,"featured_media":4673,"comment_status":"open","ping_status":"open","sticky":false,"template":"","format":"standard","meta":{"footnotes":""},"categories":[16],"tags":[1970],"class_list":["post-4672","post","type-post","status-publish","format-standard","has-post-thumbnail","hentry","category-actualidade","tag-sector-dos-biocombustiveis"],"blocksy_meta":[],"_links":{"self":[{"href":"https:\/\/www.radiomais.ao\/index.php\/wp-json\/wp\/v2\/posts\/4672","targetHints":{"allow":["GET"]}}],"collection":[{"href":"https:\/\/www.radiomais.ao\/index.php\/wp-json\/wp\/v2\/posts"}],"about":[{"href":"https:\/\/www.radiomais.ao\/index.php\/wp-json\/wp\/v2\/types\/post"}],"author":[{"embeddable":true,"href":"https:\/\/www.radiomais.ao\/index.php\/wp-json\/wp\/v2\/users\/3"}],"replies":[{"embeddable":true,"href":"https:\/\/www.radiomais.ao\/index.php\/wp-json\/wp\/v2\/comments?post=4672"}],"version-history":[{"count":1,"href":"https:\/\/www.radiomais.ao\/index.php\/wp-json\/wp\/v2\/posts\/4672\/revisions"}],"predecessor-version":[{"id":4674,"href":"https:\/\/www.radiomais.ao\/index.php\/wp-json\/wp\/v2\/posts\/4672\/revisions\/4674"}],"wp:featuredmedia":[{"embeddable":true,"href":"https:\/\/www.radiomais.ao\/index.php\/wp-json\/wp\/v2\/media\/4673"}],"wp:attachment":[{"href":"https:\/\/www.radiomais.ao\/index.php\/wp-json\/wp\/v2\/media?parent=4672"}],"wp:term":[{"taxonomy":"category","embeddable":true,"href":"https:\/\/www.radiomais.ao\/index.php\/wp-json\/wp\/v2\/categories?post=4672"},{"taxonomy":"post_tag","embeddable":true,"href":"https:\/\/www.radiomais.ao\/index.php\/wp-json\/wp\/v2\/tags?post=4672"}],"curies":[{"name":"wp","href":"https:\/\/api.w.org\/{rel}","templated":true}]}}