{"id":4675,"date":"2026-02-06T09:43:36","date_gmt":"2026-02-06T08:43:36","guid":{"rendered":"https:\/\/www.radiomais.ao\/?p=4675"},"modified":"2026-02-06T09:43:36","modified_gmt":"2026-02-06T08:43:36","slug":"elas-afirmam-ser-gemeas-siamesas-mas-seu-sucesso-e-intrigante","status":"publish","type":"post","link":"https:\/\/www.radiomais.ao\/index.php\/2026\/02\/06\/elas-afirmam-ser-gemeas-siamesas-mas-seu-sucesso-e-intrigante\/","title":{"rendered":"Elas afirmam ser g\u00eameas siamesas, mas seu sucesso \u00e9 intrigante."},"content":{"rendered":"\n<p>Com mais de 280 mil seguidores em tempo recorde, as influenciadoras &#8220;parceiras&#8221; Valeria e Camila est\u00e3o atraindo tanto admira\u00e7\u00e3o quanto suspeitas. Ser\u00e1 que a conta delas representa um novo exemplo de intelig\u00eancia artificial?<\/p>\n\n\n\n<p>Seus nomes s\u00e3o Valeria e Camila, elas se autodenominam g\u00eameas siamesas, t\u00eam &#8220;duas cabe\u00e7as, mas uma s\u00f3 vibe&#8221; e ostentam mais de 290 mil seguidores no Instagram. Moda, maquiagem, poses divertidas: seu universo visual \u00e9 meticulosamente constru\u00eddo para cativar. E funciona. S\u00f3 que, \u00e0 medida que sua fama explode, surgem d\u00favidas: essas g\u00eameas s\u00e3o humanas ou um novo produto da intelig\u00eancia artificial?Sua biografia \u00e9 concisa, mas intrigante: nascidos na Fl\u00f3rida e com 25 anos, afirmam ter as colunas vertebrais fundidas e rejeitam qualquer ideia de separa\u00e7\u00e3o cir\u00fargica. Em seus stories do Instagram, chegam a responder perguntas curiosas:\u00a0<em>&#8220;Sim, n\u00f3s falamos, nos movemos, obviamente n\u00e3o somos intelig\u00eancia artificial&#8221;.<\/em>\u00a0Essa garantia, no entanto, n\u00e3o convence a todos. Internautas logo notaram anomalias: olhares fixos, estranha simetria, pele extremamente lisa, amigos com uma semelhan\u00e7a impressionante&#8230; Todos esses ind\u00edcios levaram alguns a suspeitar de uma cria\u00e7\u00e3o puramente digital. ler mais em<strong><em><a href=\"https:\/\/www.msn.com\/pt-pt\/noticias\/other\/eles-afirmam-ser-g%C3%AAmeos-siameses-mas-seu-sucesso-%C3%A9-intrigante\/ar-AA1VKGU0?ocid=msedgntp&amp;pc=U531&amp;cvid=6985a7bb7b1e4211a23e9\"> the body Optimist<\/a><\/em><\/strong><\/p>\n\n\n\n<p><a target=\"_blank\" rel=\"noreferrer noopener\"><\/a><\/p>\n\n\n\n<p><a target=\"_blank\" rel=\"noreferrer noopener\"><\/a><\/p>\n\n\n\n<p><a target=\"_blank\" rel=\"noreferrer noopener\"><\/a><\/p>\n\n\n\n<p><a target=\"_blank\" rel=\"noreferrer noopener\"><\/a><a target=\"_blank\" rel=\"noreferrer noopener\"><\/a><\/p>\n\n\n\n<figure class=\"wp-block-image\"><img decoding=\"async\" src=\"https:\/\/assets.msn.com\/staticsb\/statics\/latest\/views\/icons\/ChevronRightWhiteBold.svg\" alt=\"call to action icon\" \/><\/figure>\n\n\n\n<p><\/p>\n\n\n\n<p><\/p>\n","protected":false},"excerpt":{"rendered":"<p>Com mais de 280 mil seguidores em tempo recorde, as influenciadoras &#8220;parceiras&#8221; Valeria e Camila est\u00e3o atraindo tanto admira\u00e7\u00e3o quanto suspeitas. Ser\u00e1 que a conta delas representa um novo exemplo de intelig\u00eancia artificial? Seus nomes s\u00e3o Valeria e Camila, elas se autodenominam g\u00eameas siamesas, t\u00eam &#8220;duas cabe\u00e7as, mas uma s\u00f3 vibe&#8221; e ostentam mais de [&hellip;]<\/p>\n","protected":false},"author":3,"featured_media":4676,"comment_status":"open","ping_status":"open","sticky":false,"template":"","format":"standard","meta":{"footnotes":""},"categories":[16],"tags":[1971],"class_list":["post-4675","post","type-post","status-publish","format-standard","has-post-thumbnail","hentry","category-actualidade","tag-gemeas-siameses"],"blocksy_meta":[],"_links":{"self":[{"href":"https:\/\/www.radiomais.ao\/index.php\/wp-json\/wp\/v2\/posts\/4675","targetHints":{"allow":["GET"]}}],"collection":[{"href":"https:\/\/www.radiomais.ao\/index.php\/wp-json\/wp\/v2\/posts"}],"about":[{"href":"https:\/\/www.radiomais.ao\/index.php\/wp-json\/wp\/v2\/types\/post"}],"author":[{"embeddable":true,"href":"https:\/\/www.radiomais.ao\/index.php\/wp-json\/wp\/v2\/users\/3"}],"replies":[{"embeddable":true,"href":"https:\/\/www.radiomais.ao\/index.php\/wp-json\/wp\/v2\/comments?post=4675"}],"version-history":[{"count":1,"href":"https:\/\/www.radiomais.ao\/index.php\/wp-json\/wp\/v2\/posts\/4675\/revisions"}],"predecessor-version":[{"id":4677,"href":"https:\/\/www.radiomais.ao\/index.php\/wp-json\/wp\/v2\/posts\/4675\/revisions\/4677"}],"wp:featuredmedia":[{"embeddable":true,"href":"https:\/\/www.radiomais.ao\/index.php\/wp-json\/wp\/v2\/media\/4676"}],"wp:attachment":[{"href":"https:\/\/www.radiomais.ao\/index.php\/wp-json\/wp\/v2\/media?parent=4675"}],"wp:term":[{"taxonomy":"category","embeddable":true,"href":"https:\/\/www.radiomais.ao\/index.php\/wp-json\/wp\/v2\/categories?post=4675"},{"taxonomy":"post_tag","embeddable":true,"href":"https:\/\/www.radiomais.ao\/index.php\/wp-json\/wp\/v2\/tags?post=4675"}],"curies":[{"name":"wp","href":"https:\/\/api.w.org\/{rel}","templated":true}]}}