{"id":4678,"date":"2026-02-06T10:49:48","date_gmt":"2026-02-06T09:49:48","guid":{"rendered":"https:\/\/www.radiomais.ao\/?p=4678"},"modified":"2026-02-06T10:49:48","modified_gmt":"2026-02-06T09:49:48","slug":"pais-vai-registar-chuva-fraca-a-moderada-em-onze-provincias-nas-proximas-24-horas","status":"publish","type":"post","link":"https:\/\/www.radiomais.ao\/index.php\/2026\/02\/06\/pais-vai-registar-chuva-fraca-a-moderada-em-onze-provincias-nas-proximas-24-horas\/","title":{"rendered":"Pa\u00eds vai registar chuva fraca a moderada em onze prov\u00edncias nas pr\u00f3ximas 24 horas."},"content":{"rendered":"\n<p>O Instituto Nacional de Meteorologia e Geof\u00edsica (INAMET) informou, hoje, que nas pr\u00f3ximas 24 horas o pa\u00eds vai registar chuva fraca a moderada com probabilidade de ocorr\u00eancia de trovoada isolada em onze prov\u00edncias.<\/p>\n\n\n\n<p>Segundo a institui\u00e7\u00e3o, trata-se das prov\u00edncias do Bengo, U\u00edge, Cuanza-Norte, Malanje, Lunda-Norte, Lunda-Sul, Huambo, Moxico Leste, Hu\u00edla, Cunene e Cuando, al\u00e9m do Bi\u00e9 e Cubango que v\u00e3o registar trovoadas.<\/p>\n\n\n\n<p>A prov\u00edncia do Icolo e Bengo vai registar chuva moderada podendo ser localmente forte com probabilidade de ocorr\u00eancia de trovoada no Moxico, enquanto que Luanda, Cabinda, Cuanza-Sul e Benguela v\u00e3o registar chuvisco.<\/p>\n","protected":false},"excerpt":{"rendered":"<p>O Instituto Nacional de Meteorologia e Geof\u00edsica (INAMET) informou, hoje, que nas pr\u00f3ximas 24 horas o pa\u00eds vai registar chuva fraca a moderada com probabilidade de ocorr\u00eancia de trovoada isolada em onze prov\u00edncias. Segundo a institui\u00e7\u00e3o, trata-se das prov\u00edncias do Bengo, U\u00edge, Cuanza-Norte, Malanje, Lunda-Norte, Lunda-Sul, Huambo, Moxico Leste, Hu\u00edla, Cunene e Cuando, al\u00e9m do [&hellip;]<\/p>\n","protected":false},"author":3,"featured_media":4679,"comment_status":"open","ping_status":"open","sticky":false,"template":"","format":"standard","meta":{"footnotes":""},"categories":[16],"tags":[1972],"class_list":["post-4678","post","type-post","status-publish","format-standard","has-post-thumbnail","hentry","category-actualidade","tag-pais-vai-registar-chuva-fraca-a-moderada-em-onze-provincias"],"blocksy_meta":[],"_links":{"self":[{"href":"https:\/\/www.radiomais.ao\/index.php\/wp-json\/wp\/v2\/posts\/4678","targetHints":{"allow":["GET"]}}],"collection":[{"href":"https:\/\/www.radiomais.ao\/index.php\/wp-json\/wp\/v2\/posts"}],"about":[{"href":"https:\/\/www.radiomais.ao\/index.php\/wp-json\/wp\/v2\/types\/post"}],"author":[{"embeddable":true,"href":"https:\/\/www.radiomais.ao\/index.php\/wp-json\/wp\/v2\/users\/3"}],"replies":[{"embeddable":true,"href":"https:\/\/www.radiomais.ao\/index.php\/wp-json\/wp\/v2\/comments?post=4678"}],"version-history":[{"count":1,"href":"https:\/\/www.radiomais.ao\/index.php\/wp-json\/wp\/v2\/posts\/4678\/revisions"}],"predecessor-version":[{"id":4680,"href":"https:\/\/www.radiomais.ao\/index.php\/wp-json\/wp\/v2\/posts\/4678\/revisions\/4680"}],"wp:featuredmedia":[{"embeddable":true,"href":"https:\/\/www.radiomais.ao\/index.php\/wp-json\/wp\/v2\/media\/4679"}],"wp:attachment":[{"href":"https:\/\/www.radiomais.ao\/index.php\/wp-json\/wp\/v2\/media?parent=4678"}],"wp:term":[{"taxonomy":"category","embeddable":true,"href":"https:\/\/www.radiomais.ao\/index.php\/wp-json\/wp\/v2\/categories?post=4678"},{"taxonomy":"post_tag","embeddable":true,"href":"https:\/\/www.radiomais.ao\/index.php\/wp-json\/wp\/v2\/tags?post=4678"}],"curies":[{"name":"wp","href":"https:\/\/api.w.org\/{rel}","templated":true}]}}