{"id":4681,"date":"2026-02-06T10:56:51","date_gmt":"2026-02-06T09:56:51","guid":{"rendered":"https:\/\/www.radiomais.ao\/?p=4681"},"modified":"2026-02-06T10:56:51","modified_gmt":"2026-02-06T09:56:51","slug":"jovem-mata-amigo-no-kikolo-por-nao-partilhar-prato-de-comida-de-500-kwanzas","status":"publish","type":"post","link":"https:\/\/www.radiomais.ao\/index.php\/2026\/02\/06\/jovem-mata-amigo-no-kikolo-por-nao-partilhar-prato-de-comida-de-500-kwanzas\/","title":{"rendered":"Jovem mata amigo no Kikolo por n\u00e3o partilhar prato de comida de 500 Kwanzas."},"content":{"rendered":"\n<p>Um cidad\u00e3o nacional de 17 anos de idade foi morto \u00e0 facada pelo seu amigo por n\u00e3o partilhar um prato de comida avaliado em 500 Kwanzas.<\/p>\n\n\n\n<p>De acordo com a R\u00e1dio Nacional de Angola, o cas aconteceu ontem, quarta-feira(04), no mercado de Kikolo, em Luanda.<\/p>\n\n\n\n<p>O presum\u00edvel autor do crime j\u00e1 foi detido e ser\u00e1 presente ao mist\u00e9rio p\u00fablico.<\/p>\n","protected":false},"excerpt":{"rendered":"<p>Um cidad\u00e3o nacional de 17 anos de idade foi morto \u00e0 facada pelo seu amigo por n\u00e3o partilhar um prato de comida avaliado em 500 Kwanzas. De acordo com a R\u00e1dio Nacional de Angola, o cas aconteceu ontem, quarta-feira(04), no mercado de Kikolo, em Luanda. O presum\u00edvel autor do crime j\u00e1 foi detido e ser\u00e1 [&hellip;]<\/p>\n","protected":false},"author":3,"featured_media":4682,"comment_status":"open","ping_status":"open","sticky":false,"template":"","format":"standard","meta":{"footnotes":""},"categories":[16],"tags":[1973],"class_list":["post-4681","post","type-post","status-publish","format-standard","has-post-thumbnail","hentry","category-actualidade","tag-refeicao"],"blocksy_meta":[],"_links":{"self":[{"href":"https:\/\/www.radiomais.ao\/index.php\/wp-json\/wp\/v2\/posts\/4681","targetHints":{"allow":["GET"]}}],"collection":[{"href":"https:\/\/www.radiomais.ao\/index.php\/wp-json\/wp\/v2\/posts"}],"about":[{"href":"https:\/\/www.radiomais.ao\/index.php\/wp-json\/wp\/v2\/types\/post"}],"author":[{"embeddable":true,"href":"https:\/\/www.radiomais.ao\/index.php\/wp-json\/wp\/v2\/users\/3"}],"replies":[{"embeddable":true,"href":"https:\/\/www.radiomais.ao\/index.php\/wp-json\/wp\/v2\/comments?post=4681"}],"version-history":[{"count":1,"href":"https:\/\/www.radiomais.ao\/index.php\/wp-json\/wp\/v2\/posts\/4681\/revisions"}],"predecessor-version":[{"id":4683,"href":"https:\/\/www.radiomais.ao\/index.php\/wp-json\/wp\/v2\/posts\/4681\/revisions\/4683"}],"wp:featuredmedia":[{"embeddable":true,"href":"https:\/\/www.radiomais.ao\/index.php\/wp-json\/wp\/v2\/media\/4682"}],"wp:attachment":[{"href":"https:\/\/www.radiomais.ao\/index.php\/wp-json\/wp\/v2\/media?parent=4681"}],"wp:term":[{"taxonomy":"category","embeddable":true,"href":"https:\/\/www.radiomais.ao\/index.php\/wp-json\/wp\/v2\/categories?post=4681"},{"taxonomy":"post_tag","embeddable":true,"href":"https:\/\/www.radiomais.ao\/index.php\/wp-json\/wp\/v2\/tags?post=4681"}],"curies":[{"name":"wp","href":"https:\/\/api.w.org\/{rel}","templated":true}]}}