{"id":4684,"date":"2026-02-06T11:00:58","date_gmt":"2026-02-06T10:00:58","guid":{"rendered":"https:\/\/www.radiomais.ao\/?p=4684"},"modified":"2026-02-06T11:00:58","modified_gmt":"2026-02-06T10:00:58","slug":"musico-cef-tanzy-agenda-tournee-de-concertos-intimistas-em-todo-o-pais","status":"publish","type":"post","link":"https:\/\/www.radiomais.ao\/index.php\/2026\/02\/06\/musico-cef-tanzy-agenda-tournee-de-concertos-intimistas-em-todo-o-pais\/","title":{"rendered":"M\u00fasico CEF Tanzy agenda tourn\u00e9e de concertos intimistas em todo o pa\u00eds."},"content":{"rendered":"\n<p><strong>O artista angolano, conhecido no mundo art\u00edstico como CEF Tanzy, anunciou que, em 2026, trar\u00e1 diversas novidades para os seus f\u00e3s e para o p\u00fablico em geral, incluindo o agendamento de uma tourn\u00e9e de concertos intimistas em todo o pa\u00eds<\/strong>.<\/p>\n\n\n\n<p>O artista, conhecido pela sua voz peculiar e por influenciar jovens artistas com o seu estilo musical, em declara\u00e7\u00f5es a este jornal, real\u00e7ou que a tourn\u00e9e representa uma forma de levar a sua m\u00fasica a todos os palcos e agradecer sempre pelo carinho que tem recebido do p\u00fablico.<\/p>\n\n\n\n<p>\u201cO programa ser\u00e1 anunciado ao p\u00fablico em breve. Para este ano teremos uma EP, um \u00e1lbum do CEF Tanzy e uma tourn\u00e9e de concertos intimistas a n\u00edvel de Angola. Vamos passar por Saurimo, Lunda-Sul, Lunda-Norte, Moxico, Benguela, Huambo, Bi\u00e9, Cuando Cubango, U\u00edge, Malanje, Cuanza-Norte, e pretendemos realizar o \u00faltimo espect\u00e1culo em Luanda\u201d, destacou, com um sorriso de alegria.<\/p>\n","protected":false},"excerpt":{"rendered":"<p>O artista angolano, conhecido no mundo art\u00edstico como CEF Tanzy, anunciou que, em 2026, trar\u00e1 diversas novidades para os seus f\u00e3s e para o p\u00fablico em geral, incluindo o agendamento de uma tourn\u00e9e de concertos intimistas em todo o pa\u00eds. O artista, conhecido pela sua voz peculiar e por influenciar jovens artistas com o seu [&hellip;]<\/p>\n","protected":false},"author":3,"featured_media":4685,"comment_status":"open","ping_status":"open","sticky":false,"template":"","format":"standard","meta":{"footnotes":""},"categories":[16],"tags":[1974],"class_list":["post-4684","post","type-post","status-publish","format-standard","has-post-thumbnail","hentry","category-actualidade","tag-cef-tanzy-agenda-tournee-de-concertos-intimistas-em-todo-o-pais"],"blocksy_meta":[],"_links":{"self":[{"href":"https:\/\/www.radiomais.ao\/index.php\/wp-json\/wp\/v2\/posts\/4684","targetHints":{"allow":["GET"]}}],"collection":[{"href":"https:\/\/www.radiomais.ao\/index.php\/wp-json\/wp\/v2\/posts"}],"about":[{"href":"https:\/\/www.radiomais.ao\/index.php\/wp-json\/wp\/v2\/types\/post"}],"author":[{"embeddable":true,"href":"https:\/\/www.radiomais.ao\/index.php\/wp-json\/wp\/v2\/users\/3"}],"replies":[{"embeddable":true,"href":"https:\/\/www.radiomais.ao\/index.php\/wp-json\/wp\/v2\/comments?post=4684"}],"version-history":[{"count":1,"href":"https:\/\/www.radiomais.ao\/index.php\/wp-json\/wp\/v2\/posts\/4684\/revisions"}],"predecessor-version":[{"id":4686,"href":"https:\/\/www.radiomais.ao\/index.php\/wp-json\/wp\/v2\/posts\/4684\/revisions\/4686"}],"wp:featuredmedia":[{"embeddable":true,"href":"https:\/\/www.radiomais.ao\/index.php\/wp-json\/wp\/v2\/media\/4685"}],"wp:attachment":[{"href":"https:\/\/www.radiomais.ao\/index.php\/wp-json\/wp\/v2\/media?parent=4684"}],"wp:term":[{"taxonomy":"category","embeddable":true,"href":"https:\/\/www.radiomais.ao\/index.php\/wp-json\/wp\/v2\/categories?post=4684"},{"taxonomy":"post_tag","embeddable":true,"href":"https:\/\/www.radiomais.ao\/index.php\/wp-json\/wp\/v2\/tags?post=4684"}],"curies":[{"name":"wp","href":"https:\/\/api.w.org\/{rel}","templated":true}]}}