{"id":471,"date":"2025-06-24T10:07:33","date_gmt":"2025-06-24T09:07:33","guid":{"rendered":"https:\/\/www.radiomais.ao\/?p=471"},"modified":"2025-06-24T10:07:33","modified_gmt":"2025-06-24T09:07:33","slug":"projecto-para-criacao-de-oportunidades-de-emprego-conta-com-financiamento-de-250-milhoes-de-dolares-do-banco-mundial","status":"publish","type":"post","link":"https:\/\/www.radiomais.ao\/index.php\/2025\/06\/24\/projecto-para-criacao-de-oportunidades-de-emprego-conta-com-financiamento-de-250-milhoes-de-dolares-do-banco-mundial\/","title":{"rendered":"Projecto para cria\u00e7\u00e3o de oportunidades de emprego conta com financiamento de 250 milh\u00f5es de d\u00f3lares do Banco Mundial."},"content":{"rendered":"\n<p>Para se reduzir as assimetrias, o Minist\u00e9rio das Finan\u00e7as, em nome do Executivo angolano, \u00e0 luz do Despacho Presidencial n.\u00ba 160\/25, de 20 de Junho, vai celebrar um contrato de empr\u00e9stimo com o Banco Mundial (BM), no valor de 250 milh\u00f5es de d\u00f3lares norte-americanos, para financiar projectos de oportunidades de emprego para os jovens em Angola nos pr\u00f3ximos tempos. Fonte <strong><em><a href=\"https:\/\/www.opais.ao\/politica\/projecto-para-criacao-de-oportunidades-de-emprego-conta-com-financiamento-de-250-milhoes-de-dolares-do-banco-mundial\/\">Opa\u00eds<\/a><\/em><\/strong><\/p>\n\n\n\n<p><\/p>\n","protected":false},"excerpt":{"rendered":"<p>Para se reduzir as assimetrias, o Minist\u00e9rio das Finan\u00e7as, em nome do Executivo angolano, \u00e0 luz do Despacho Presidencial n.\u00ba 160\/25, de 20 de Junho, vai celebrar um contrato de empr\u00e9stimo com o Banco Mundial (BM), no valor de 250 milh\u00f5es de d\u00f3lares norte-americanos, para financiar projectos de oportunidades de emprego para os jovens em [&hellip;]<\/p>\n","protected":false},"author":3,"featured_media":472,"comment_status":"open","ping_status":"open","sticky":false,"template":"","format":"standard","meta":{"footnotes":""},"categories":[16],"tags":[18],"class_list":["post-471","post","type-post","status-publish","format-standard","has-post-thumbnail","hentry","category-actualidade","tag-projecto-para-criacao-de-oportunidades-de-emprego-conta-com-financiamento-de-250-milhoes-de-dolares-do-banco-mundial"],"blocksy_meta":[],"_links":{"self":[{"href":"https:\/\/www.radiomais.ao\/index.php\/wp-json\/wp\/v2\/posts\/471","targetHints":{"allow":["GET"]}}],"collection":[{"href":"https:\/\/www.radiomais.ao\/index.php\/wp-json\/wp\/v2\/posts"}],"about":[{"href":"https:\/\/www.radiomais.ao\/index.php\/wp-json\/wp\/v2\/types\/post"}],"author":[{"embeddable":true,"href":"https:\/\/www.radiomais.ao\/index.php\/wp-json\/wp\/v2\/users\/3"}],"replies":[{"embeddable":true,"href":"https:\/\/www.radiomais.ao\/index.php\/wp-json\/wp\/v2\/comments?post=471"}],"version-history":[{"count":1,"href":"https:\/\/www.radiomais.ao\/index.php\/wp-json\/wp\/v2\/posts\/471\/revisions"}],"predecessor-version":[{"id":473,"href":"https:\/\/www.radiomais.ao\/index.php\/wp-json\/wp\/v2\/posts\/471\/revisions\/473"}],"wp:featuredmedia":[{"embeddable":true,"href":"https:\/\/www.radiomais.ao\/index.php\/wp-json\/wp\/v2\/media\/472"}],"wp:attachment":[{"href":"https:\/\/www.radiomais.ao\/index.php\/wp-json\/wp\/v2\/media?parent=471"}],"wp:term":[{"taxonomy":"category","embeddable":true,"href":"https:\/\/www.radiomais.ao\/index.php\/wp-json\/wp\/v2\/categories?post=471"},{"taxonomy":"post_tag","embeddable":true,"href":"https:\/\/www.radiomais.ao\/index.php\/wp-json\/wp\/v2\/tags?post=471"}],"curies":[{"name":"wp","href":"https:\/\/api.w.org\/{rel}","templated":true}]}}