{"id":4711,"date":"2026-02-09T08:49:05","date_gmt":"2026-02-09T07:49:05","guid":{"rendered":"https:\/\/www.radiomais.ao\/?p=4711"},"modified":"2026-02-09T08:49:05","modified_gmt":"2026-02-09T07:49:05","slug":"vice-presidente-do-tribunal-supremo-participa-em-reuniao-de-alto-nivel-dos-tribunais-superiores-no-egipto","status":"publish","type":"post","link":"https:\/\/www.radiomais.ao\/index.php\/2026\/02\/09\/vice-presidente-do-tribunal-supremo-participa-em-reuniao-de-alto-nivel-dos-tribunais-superiores-no-egipto\/","title":{"rendered":"Vice-presidente do Tribunal Supremo participa em reuni\u00e3o de alto n\u00edvel dos tribunais superiores no Egipto."},"content":{"rendered":"\n<p><strong>A vice-presidente do Tribunal Supremo, veneranda ju\u00edza conselheira Efig\u00e9nia Clemente, participa, desde s\u00e1bado, na 9.\u00aa Reuni\u00e3o de Alto N\u00edvel dos Presidentes dos Tribunais Supremos e Constitucionais, que decorre at\u00e9 amanh\u00e3, no Cairo, Rep\u00fablica \u00c1rabe do Egipto<\/strong>.<\/p>\n\n\n\n<p>A presen\u00e7a da magistrada angolana no encontro enquadra-se no esfor\u00e7o de refor\u00e7o da coopera\u00e7\u00e3o judici\u00e1ria internacional e da partilha de experi\u00eancias entre as mais altas inst\u00e2ncias judiciais dos pa\u00edses participantes, num f\u00f3rum que re\u00fane respons\u00e1veis dos sistemas judiciais para debater desafios comuns e boas pr\u00e1ticas no funcionamento dos tribunais superiores.<\/p>\n\n\n\n<p>Integram igualmente a delega\u00e7\u00e3o angolana o venerando juiz conselheiro Norberto Cape\u00e7a e a veneranda ju\u00edza conselheira Teresa Buta. A cerim\u00f3nia de abertura ficou marcada por uma sess\u00e3o solene, durante a qual o presidente do Tribunal Supremo Constitucional da Rep\u00fablica \u00c1rabe do Egipto, Boulos Fahmy, destacou a import\u00e2ncia do encontro para o fortalecimento do di\u00e1logo institucional e da coopera\u00e7\u00e3o judicial entre os Estados. Ler mais em <strong><em><a href=\"https:\/\/www.opais.ao\/politica\/vice-presidente-do-tribunal-supremo-participa-em-reuniao-de-alto-nivel-dos-tribunais-superiores-no-egipto\/\">Opa\u00eds<\/a><\/em><\/strong><\/p>\n","protected":false},"excerpt":{"rendered":"<p>A vice-presidente do Tribunal Supremo, veneranda ju\u00edza conselheira Efig\u00e9nia Clemente, participa, desde s\u00e1bado, na 9.\u00aa Reuni\u00e3o de Alto N\u00edvel dos Presidentes dos Tribunais Supremos e Constitucionais, que decorre at\u00e9 amanh\u00e3, no Cairo, Rep\u00fablica \u00c1rabe do Egipto. A presen\u00e7a da magistrada angolana no encontro enquadra-se no esfor\u00e7o de refor\u00e7o da coopera\u00e7\u00e3o judici\u00e1ria internacional e da partilha [&hellip;]<\/p>\n","protected":false},"author":3,"featured_media":4712,"comment_status":"open","ping_status":"open","sticky":false,"template":"","format":"standard","meta":{"footnotes":""},"categories":[16],"tags":[1989,1701],"class_list":["post-4711","post","type-post","status-publish","format-standard","has-post-thumbnail","hentry","category-actualidade","tag-reuniao-de-alto-nivel-dos-tribunais-superiores-no-egipto","tag-tribunal-supremo"],"blocksy_meta":[],"_links":{"self":[{"href":"https:\/\/www.radiomais.ao\/index.php\/wp-json\/wp\/v2\/posts\/4711","targetHints":{"allow":["GET"]}}],"collection":[{"href":"https:\/\/www.radiomais.ao\/index.php\/wp-json\/wp\/v2\/posts"}],"about":[{"href":"https:\/\/www.radiomais.ao\/index.php\/wp-json\/wp\/v2\/types\/post"}],"author":[{"embeddable":true,"href":"https:\/\/www.radiomais.ao\/index.php\/wp-json\/wp\/v2\/users\/3"}],"replies":[{"embeddable":true,"href":"https:\/\/www.radiomais.ao\/index.php\/wp-json\/wp\/v2\/comments?post=4711"}],"version-history":[{"count":1,"href":"https:\/\/www.radiomais.ao\/index.php\/wp-json\/wp\/v2\/posts\/4711\/revisions"}],"predecessor-version":[{"id":4713,"href":"https:\/\/www.radiomais.ao\/index.php\/wp-json\/wp\/v2\/posts\/4711\/revisions\/4713"}],"wp:featuredmedia":[{"embeddable":true,"href":"https:\/\/www.radiomais.ao\/index.php\/wp-json\/wp\/v2\/media\/4712"}],"wp:attachment":[{"href":"https:\/\/www.radiomais.ao\/index.php\/wp-json\/wp\/v2\/media?parent=4711"}],"wp:term":[{"taxonomy":"category","embeddable":true,"href":"https:\/\/www.radiomais.ao\/index.php\/wp-json\/wp\/v2\/categories?post=4711"},{"taxonomy":"post_tag","embeddable":true,"href":"https:\/\/www.radiomais.ao\/index.php\/wp-json\/wp\/v2\/tags?post=4711"}],"curies":[{"name":"wp","href":"https:\/\/api.w.org\/{rel}","templated":true}]}}