{"id":4721,"date":"2026-02-09T09:01:04","date_gmt":"2026-02-09T08:01:04","guid":{"rendered":"https:\/\/www.radiomais.ao\/?p=4721"},"modified":"2026-02-09T09:01:04","modified_gmt":"2026-02-09T08:01:04","slug":"bad-vai-financiar-infra-estruturas-ao-longo-do-corredor-do-lobito-e-no-porto-de-luanda","status":"publish","type":"post","link":"https:\/\/www.radiomais.ao\/index.php\/2026\/02\/09\/bad-vai-financiar-infra-estruturas-ao-longo-do-corredor-do-lobito-e-no-porto-de-luanda\/","title":{"rendered":"BAD vai financiar infra-estruturas ao longo do Corredor do Lobito e no Porto de Luanda."},"content":{"rendered":"\n<p><strong>No \u00e2mbito da reuni\u00e3o inaugural que teve lugar em Luanda com a directora das Opera\u00e7\u00f5es do Banco Mundial (BM), a representante do Banco Africano de Desenvolvimento (BAD) reafirmou, em Luanda, a vontade de investir no desenvolvimento do Corredor do Lobito, para projectos de agroprocessamento, industrializa\u00e7\u00e3o e energia<\/strong>.<\/p>\n\n\n\n<p>A informa\u00e7\u00e3o foi revelada pelo vice-presidente para o sector Privado, Infra-estruturas e Industrializa\u00e7\u00e3o do BAD, Salomon Quaynor, no final do encontro mantido com o ministro de Estado para a Coordena\u00e7\u00e3o Econ\u00f3mica, Jos\u00e9 de Lima Massano.<\/p>\n\n\n\n<p>O respons\u00e1vel anunciou que uma equipa t\u00e9cnica do Banco Africano de Desenvolvimento B dever\u00e1 visitar Angola, at\u00e9 meados de Mar\u00e7o, com objectivo de trabalhar com as autoridades na concep\u00e7\u00e3o de ideias para as zonas de processamento agroindustrial. Ler mais em <strong><em><a href=\"https:\/\/www.opais.ao\/economia\/bad-vai-financiar-infra-estruturas-ao-longo-do-corredor-do-lobito-e-no-porto-de-luanda\/\">Opa\u00eds<\/a><\/em><\/strong><\/p>\n","protected":false},"excerpt":{"rendered":"<p>No \u00e2mbito da reuni\u00e3o inaugural que teve lugar em Luanda com a directora das Opera\u00e7\u00f5es do Banco Mundial (BM), a representante do Banco Africano de Desenvolvimento (BAD) reafirmou, em Luanda, a vontade de investir no desenvolvimento do Corredor do Lobito, para projectos de agroprocessamento, industrializa\u00e7\u00e3o e energia. A informa\u00e7\u00e3o foi revelada pelo vice-presidente para o [&hellip;]<\/p>\n","protected":false},"author":3,"featured_media":4722,"comment_status":"open","ping_status":"open","sticky":false,"template":"","format":"standard","meta":{"footnotes":""},"categories":[16],"tags":[1994,1034,1995],"class_list":["post-4721","post","type-post","status-publish","format-standard","has-post-thumbnail","hentry","category-actualidade","tag-bad","tag-corredor-do-lobito","tag-financiamento"],"blocksy_meta":[],"_links":{"self":[{"href":"https:\/\/www.radiomais.ao\/index.php\/wp-json\/wp\/v2\/posts\/4721","targetHints":{"allow":["GET"]}}],"collection":[{"href":"https:\/\/www.radiomais.ao\/index.php\/wp-json\/wp\/v2\/posts"}],"about":[{"href":"https:\/\/www.radiomais.ao\/index.php\/wp-json\/wp\/v2\/types\/post"}],"author":[{"embeddable":true,"href":"https:\/\/www.radiomais.ao\/index.php\/wp-json\/wp\/v2\/users\/3"}],"replies":[{"embeddable":true,"href":"https:\/\/www.radiomais.ao\/index.php\/wp-json\/wp\/v2\/comments?post=4721"}],"version-history":[{"count":1,"href":"https:\/\/www.radiomais.ao\/index.php\/wp-json\/wp\/v2\/posts\/4721\/revisions"}],"predecessor-version":[{"id":4723,"href":"https:\/\/www.radiomais.ao\/index.php\/wp-json\/wp\/v2\/posts\/4721\/revisions\/4723"}],"wp:featuredmedia":[{"embeddable":true,"href":"https:\/\/www.radiomais.ao\/index.php\/wp-json\/wp\/v2\/media\/4722"}],"wp:attachment":[{"href":"https:\/\/www.radiomais.ao\/index.php\/wp-json\/wp\/v2\/media?parent=4721"}],"wp:term":[{"taxonomy":"category","embeddable":true,"href":"https:\/\/www.radiomais.ao\/index.php\/wp-json\/wp\/v2\/categories?post=4721"},{"taxonomy":"post_tag","embeddable":true,"href":"https:\/\/www.radiomais.ao\/index.php\/wp-json\/wp\/v2\/tags?post=4721"}],"curies":[{"name":"wp","href":"https:\/\/api.w.org\/{rel}","templated":true}]}}