{"id":4727,"date":"2026-02-09T09:08:43","date_gmt":"2026-02-09T08:08:43","guid":{"rendered":"https:\/\/www.radiomais.ao\/?p=4727"},"modified":"2026-02-09T09:08:43","modified_gmt":"2026-02-09T08:08:43","slug":"mais-de-100-pessoas-albinas-recebem-rastreio-de-cancro-da-pele-em-viana","status":"publish","type":"post","link":"https:\/\/www.radiomais.ao\/index.php\/2026\/02\/09\/mais-de-100-pessoas-albinas-recebem-rastreio-de-cancro-da-pele-em-viana\/","title":{"rendered":"Mais de 100 pessoas albinas recebem rastreio de cancro da pele em Viana."},"content":{"rendered":"\n<p>O Hospital Geral de Viana Bispo Em\u00edlio de Carvalho realizou, neste S\u00e1bado (7), uma campanha de rastreio de cancro da pele para pessoas com albinismo. Foram beneficiadas com o rastreio um total de 106 pessoas, seis das quais com cancro confirmado.<\/p>\n\n\n\n<p>A iniciativa visou a detec\u00e7\u00e3o precoce de les\u00f5es cut\u00e2neas, a preven\u00e7\u00e3o de casos avan\u00e7ados da doen\u00e7a e o encaminhamento atempado dos pacientes para acompanha- mento m\u00e9dico especializado.<\/p>\n\n\n\n<p>Os profissionais de sa\u00fade na \u00e1rea da dermatologia realizaram consultas e avalia\u00e7\u00f5es dermatol\u00f3gicas, e prestaram ainda esclarecimentos sobre medidas de preven\u00e7\u00e3o, com destaque para a prote\u00e7\u00e3o solar e os cuidados cont\u00ednuos com a pele. O Hospital Geral de Viana Bispo Em\u00edlio de Carvalho realiza o rastreio pela s\u00e9tima vez, pelo que prev\u00ea realizar a campanha trimestralmente, al\u00e9m do dia 13, em que se assinala o Dia Mundial de Conscientiza\u00e7\u00e3o de Albinismo. Ler mais em <strong><em><a href=\"https:\/\/www.opais.ao\/sociedade\/mais-de-100-pessoas-albinas-recebem-rastreio-de-cancro-da-pele-em-viana\/\">Opa\u00eds<\/a><\/em><\/strong><\/p>\n","protected":false},"excerpt":{"rendered":"<p>O Hospital Geral de Viana Bispo Em\u00edlio de Carvalho realizou, neste S\u00e1bado (7), uma campanha de rastreio de cancro da pele para pessoas com albinismo. Foram beneficiadas com o rastreio um total de 106 pessoas, seis das quais com cancro confirmado. A iniciativa visou a detec\u00e7\u00e3o precoce de les\u00f5es cut\u00e2neas, a preven\u00e7\u00e3o de casos avan\u00e7ados [&hellip;]<\/p>\n","protected":false},"author":3,"featured_media":4728,"comment_status":"open","ping_status":"open","sticky":false,"template":"","format":"standard","meta":{"footnotes":""},"categories":[16],"tags":[1998,1999],"class_list":["post-4727","post","type-post","status-publish","format-standard","has-post-thumbnail","hentry","category-actualidade","tag-mais-de-100-pessoas-albinas","tag-rastreio-de-cancro-da-pele-em-viana"],"blocksy_meta":[],"_links":{"self":[{"href":"https:\/\/www.radiomais.ao\/index.php\/wp-json\/wp\/v2\/posts\/4727","targetHints":{"allow":["GET"]}}],"collection":[{"href":"https:\/\/www.radiomais.ao\/index.php\/wp-json\/wp\/v2\/posts"}],"about":[{"href":"https:\/\/www.radiomais.ao\/index.php\/wp-json\/wp\/v2\/types\/post"}],"author":[{"embeddable":true,"href":"https:\/\/www.radiomais.ao\/index.php\/wp-json\/wp\/v2\/users\/3"}],"replies":[{"embeddable":true,"href":"https:\/\/www.radiomais.ao\/index.php\/wp-json\/wp\/v2\/comments?post=4727"}],"version-history":[{"count":1,"href":"https:\/\/www.radiomais.ao\/index.php\/wp-json\/wp\/v2\/posts\/4727\/revisions"}],"predecessor-version":[{"id":4729,"href":"https:\/\/www.radiomais.ao\/index.php\/wp-json\/wp\/v2\/posts\/4727\/revisions\/4729"}],"wp:featuredmedia":[{"embeddable":true,"href":"https:\/\/www.radiomais.ao\/index.php\/wp-json\/wp\/v2\/media\/4728"}],"wp:attachment":[{"href":"https:\/\/www.radiomais.ao\/index.php\/wp-json\/wp\/v2\/media?parent=4727"}],"wp:term":[{"taxonomy":"category","embeddable":true,"href":"https:\/\/www.radiomais.ao\/index.php\/wp-json\/wp\/v2\/categories?post=4727"},{"taxonomy":"post_tag","embeddable":true,"href":"https:\/\/www.radiomais.ao\/index.php\/wp-json\/wp\/v2\/tags?post=4727"}],"curies":[{"name":"wp","href":"https:\/\/api.w.org\/{rel}","templated":true}]}}