{"id":4730,"date":"2026-02-09T09:15:46","date_gmt":"2026-02-09T08:15:46","guid":{"rendered":"https:\/\/www.radiomais.ao\/?p=4730"},"modified":"2026-02-09T09:15:46","modified_gmt":"2026-02-09T08:15:46","slug":"familiares-dos-seminaristas-mortos-no-lubango-clamam-por-justica","status":"publish","type":"post","link":"https:\/\/www.radiomais.ao\/index.php\/2026\/02\/09\/familiares-dos-seminaristas-mortos-no-lubango-clamam-por-justica\/","title":{"rendered":"Familiares dos seminaristas mortos no Lubango clamam por justi\u00e7a."},"content":{"rendered":"\n<p><strong>Meio-dia, o calend\u00e1rio assinalava sete de Fevereiro do ano 2025. Jos\u00e9 Filipe Cacoco Diliqui e David Sandambongo Lundemba, amigos e colegas de carteira, ambos com 25 anos, seminaristas da prov\u00edncia da Hu\u00edla, despediram-se da irm\u00e3, Carla Diliqui, com o intuito de irem visitar alguns amigos. Mas, o que se esperava ser um passeio de rotina terminou num pesadelo que nunca saiu da mem\u00f3ria da fam\u00edlia Diliqui, um ano depois<\/strong>.<\/p>\n\n\n\n<p>No bairro Calumbiro, arredores da cidade do Lubango, capital da prov\u00edncia da Hu\u00edla, o sol raiava anunciando um novo dia, era s\u00e1bado, 8 de Fevereiro de 2025, quando um vizinho da fam\u00edlia Diliqui anunciou igualmente uma trag\u00e9dia, por ter visto um cad\u00e1ver a escassos metros da resid\u00eancia em que vivia.<\/p>\n\n\n\n<p>O cad\u00e1ver visto pelo vizinho era de Jos\u00e9 Filipe Cacoco Diliqui, irm\u00e3o de Francisco Diliqui e de Carla Diliqui, propriet\u00e1ria da casa onde os dois seminaristas se encontravam de f\u00e9rias lectivas. Pouco depois, a pouqu\u00edssimos metros do local em que foi encontrado o primeiro cad\u00e1ver, estava igualmente um outro, o de David Sandambongo Lundemba, morto de forma cruel e com sinais de esfaqueamento.<\/p>\n\n\n\n<p>Os dois cad\u00e1veres foram identificados pelos irm\u00e3os Carla e Francisco Diliqui, quando eram sensivelmente cinco horas da manh\u00e3 de 8 de Fevereiro do ano passado. Apavorados pelo triste epis\u00f3dio, n\u00e3o sabiam o que fazer, at\u00e9 comunicar \u00e0 Pol\u00edcia, que s\u00f3 tomou conhecimento do infort\u00fanio horas depois por interm\u00e9dio da vizinhan\u00e7a.<\/p>\n","protected":false},"excerpt":{"rendered":"<p>Meio-dia, o calend\u00e1rio assinalava sete de Fevereiro do ano 2025. Jos\u00e9 Filipe Cacoco Diliqui e David Sandambongo Lundemba, amigos e colegas de carteira, ambos com 25 anos, seminaristas da prov\u00edncia da Hu\u00edla, despediram-se da irm\u00e3, Carla Diliqui, com o intuito de irem visitar alguns amigos. Mas, o que se esperava ser um passeio de rotina [&hellip;]<\/p>\n","protected":false},"author":3,"featured_media":4731,"comment_status":"open","ping_status":"open","sticky":false,"template":"","format":"standard","meta":{"footnotes":""},"categories":[16],"tags":[2001,2000],"class_list":["post-4730","post","type-post","status-publish","format-standard","has-post-thumbnail","hentry","category-actualidade","tag-lubango","tag-seminaristas-mortos"],"blocksy_meta":[],"_links":{"self":[{"href":"https:\/\/www.radiomais.ao\/index.php\/wp-json\/wp\/v2\/posts\/4730","targetHints":{"allow":["GET"]}}],"collection":[{"href":"https:\/\/www.radiomais.ao\/index.php\/wp-json\/wp\/v2\/posts"}],"about":[{"href":"https:\/\/www.radiomais.ao\/index.php\/wp-json\/wp\/v2\/types\/post"}],"author":[{"embeddable":true,"href":"https:\/\/www.radiomais.ao\/index.php\/wp-json\/wp\/v2\/users\/3"}],"replies":[{"embeddable":true,"href":"https:\/\/www.radiomais.ao\/index.php\/wp-json\/wp\/v2\/comments?post=4730"}],"version-history":[{"count":1,"href":"https:\/\/www.radiomais.ao\/index.php\/wp-json\/wp\/v2\/posts\/4730\/revisions"}],"predecessor-version":[{"id":4732,"href":"https:\/\/www.radiomais.ao\/index.php\/wp-json\/wp\/v2\/posts\/4730\/revisions\/4732"}],"wp:featuredmedia":[{"embeddable":true,"href":"https:\/\/www.radiomais.ao\/index.php\/wp-json\/wp\/v2\/media\/4731"}],"wp:attachment":[{"href":"https:\/\/www.radiomais.ao\/index.php\/wp-json\/wp\/v2\/media?parent=4730"}],"wp:term":[{"taxonomy":"category","embeddable":true,"href":"https:\/\/www.radiomais.ao\/index.php\/wp-json\/wp\/v2\/categories?post=4730"},{"taxonomy":"post_tag","embeddable":true,"href":"https:\/\/www.radiomais.ao\/index.php\/wp-json\/wp\/v2\/tags?post=4730"}],"curies":[{"name":"wp","href":"https:\/\/api.w.org\/{rel}","templated":true}]}}