{"id":4733,"date":"2026-02-09T09:28:15","date_gmt":"2026-02-09T08:28:15","guid":{"rendered":"https:\/\/www.radiomais.ao\/?p=4733"},"modified":"2026-02-09T09:28:15","modified_gmt":"2026-02-09T08:28:15","slug":"antonio-jose-seguro-e-o-novo-presidente-de-portugal","status":"publish","type":"post","link":"https:\/\/www.radiomais.ao\/index.php\/2026\/02\/09\/antonio-jose-seguro-e-o-novo-presidente-de-portugal\/","title":{"rendered":"Ant\u00f3nio Jos\u00e9 Seguro \u00e9 o novo Presidente de Portugal."},"content":{"rendered":"\n<p>O socialista conquistou este domingo, na segunda volta das elei\u00e7\u00f5es presidenciais, 66,82 por cento dos votos, ultrapassando largamente o advers\u00e1rio Andr\u00e9 Ventura, que arrecadou 33,18 por cento.<\/p>\n\n\n\n<p>No seu primeiro discurso enquanto presidente eleito, Ant\u00f3nio Jos\u00e9 Seguro a garantiu que n\u00e3o ser\u00e1 oposi\u00e7\u00e3o, mas sim exig\u00eancia.<\/p>\n\n\n\n<p>No seu discurso ap\u00f3s conhecidos os resultados da segunda volta, Andr\u00e9 Ventura assumiu a derrota e afirmou que\u00a0<strong>&#8220;o sucesso de Ant\u00f3nio Jos\u00e9 Seguro \u00e0 frente de Portugal ser\u00e1 o sucesso de todos&#8221;<\/strong>.<br><br><br>Mesmo n\u00e3o vencendo, o candidato apoiado pelo Chega quis salientar que &#8220;este partido teve o seu melhor resultado de sempre<\/p>\n\n\n<div \n    class=\"align wp-block-scb-sound-cloud\"    id=\"scbSoundCloud-1\"\n    data-attributes='{&quot;cId&quot;:&quot;8edd9ad9-3&quot;,&quot;tracks&quot;:[{&quot;url&quot;:&quot;https:\\\/\\\/soundcloud.com\\\/radio-mais-luanda\\\/antonio-jose-seguro-e-o-novo?si=350a9a548a5f42628cc9b8366ac9301c&amp;utm_source=clipboard&amp;utm_medium=text&amp;utm_campaign=social_sharing&quot;,&quot;startTrack&quot;:0}],&quot;alignment&quot;:&quot;center&quot;,&quot;align&quot;:&quot;&quot;,&quot;options&quot;:{&quot;isAutoPlay&quot;:true,&quot;color&quot;:&quot;#f50&quot;,&quot;isBuying&quot;:true,&quot;isSharing&quot;:true,&quot;isDownload&quot;:true,&quot;isArtWork&quot;:true,&quot;isPlayCount&quot;:true,&quot;isUser&quot;:true,&quot;isSingleActive&quot;:true,&quot;isComments&quot;:true,&quot;isVisual&quot;:false,&quot;isTeaser&quot;:false,&quot;isHideRelated&quot;:false},&quot;iframeStyle&quot;:{&quot;width&quot;:&quot;100%&quot;,&quot;height&quot;:&quot;170px&quot;},&quot;frameBorder&quot;:{&quot;color&quot;:&quot;#000&quot;,&quot;style&quot;:&quot;solid&quot;,&quot;width&quot;:&quot;1px&quot;},&quot;frameBRadius&quot;:{&quot;top&quot;:&quot;3px&quot;,&quot;bottom&quot;:&quot;3px&quot;,&quot;left&quot;:&quot;3px&quot;,&quot;right&quot;:&quot;3px&quot;},&quot;frameBoxShadow&quot;:[]}'>\n<\/div>\n\n \n      ","protected":false},"excerpt":{"rendered":"<p>O socialista conquistou este domingo, na segunda volta das elei\u00e7\u00f5es presidenciais, 66,82 por cento dos votos, ultrapassando largamente o advers\u00e1rio Andr\u00e9 Ventura, que arrecadou 33,18 por cento. No seu primeiro discurso enquanto presidente eleito, Ant\u00f3nio Jos\u00e9 Seguro a garantiu que n\u00e3o ser\u00e1 oposi\u00e7\u00e3o, mas sim exig\u00eancia. No seu discurso ap\u00f3s conhecidos os resultados da segunda [&hellip;]<\/p>\n","protected":false},"author":3,"featured_media":4734,"comment_status":"open","ping_status":"open","sticky":false,"template":"","format":"standard","meta":{"footnotes":""},"categories":[16],"tags":[2002,2003],"class_list":["post-4733","post","type-post","status-publish","format-standard","has-post-thumbnail","hentry","category-actualidade","tag-antonio-seguro","tag-presidente-de-portugal"],"blocksy_meta":[],"_links":{"self":[{"href":"https:\/\/www.radiomais.ao\/index.php\/wp-json\/wp\/v2\/posts\/4733","targetHints":{"allow":["GET"]}}],"collection":[{"href":"https:\/\/www.radiomais.ao\/index.php\/wp-json\/wp\/v2\/posts"}],"about":[{"href":"https:\/\/www.radiomais.ao\/index.php\/wp-json\/wp\/v2\/types\/post"}],"author":[{"embeddable":true,"href":"https:\/\/www.radiomais.ao\/index.php\/wp-json\/wp\/v2\/users\/3"}],"replies":[{"embeddable":true,"href":"https:\/\/www.radiomais.ao\/index.php\/wp-json\/wp\/v2\/comments?post=4733"}],"version-history":[{"count":1,"href":"https:\/\/www.radiomais.ao\/index.php\/wp-json\/wp\/v2\/posts\/4733\/revisions"}],"predecessor-version":[{"id":4735,"href":"https:\/\/www.radiomais.ao\/index.php\/wp-json\/wp\/v2\/posts\/4733\/revisions\/4735"}],"wp:featuredmedia":[{"embeddable":true,"href":"https:\/\/www.radiomais.ao\/index.php\/wp-json\/wp\/v2\/media\/4734"}],"wp:attachment":[{"href":"https:\/\/www.radiomais.ao\/index.php\/wp-json\/wp\/v2\/media?parent=4733"}],"wp:term":[{"taxonomy":"category","embeddable":true,"href":"https:\/\/www.radiomais.ao\/index.php\/wp-json\/wp\/v2\/categories?post=4733"},{"taxonomy":"post_tag","embeddable":true,"href":"https:\/\/www.radiomais.ao\/index.php\/wp-json\/wp\/v2\/tags?post=4733"}],"curies":[{"name":"wp","href":"https:\/\/api.w.org\/{rel}","templated":true}]}}