{"id":4736,"date":"2026-02-09T09:40:40","date_gmt":"2026-02-09T08:40:40","guid":{"rendered":"https:\/\/www.radiomais.ao\/?p=4736"},"modified":"2026-02-09T09:40:40","modified_gmt":"2026-02-09T08:40:40","slug":"antonio-jose-seguro-mostrou-solidariedade-com-as-vitimas-causadas-pela-catastrofe-que-atingiu-o-pais","status":"publish","type":"post","link":"https:\/\/www.radiomais.ao\/index.php\/2026\/02\/09\/antonio-jose-seguro-mostrou-solidariedade-com-as-vitimas-causadas-pela-catastrofe-que-atingiu-o-pais\/","title":{"rendered":"Ant\u00f3nio Jos\u00e9 Seguro, mostrou solidariedade com as v\u00edtimas causadas pela cat\u00e1strofe que atingiu o pa\u00eds."},"content":{"rendered":"\n<p>O novo Presidente de Portugal, Ant\u00f3nio Jos\u00e9 Seguro, mostrou solidariedade com as v\u00edtimas<br>causadas pela cat\u00e1strofe que atingiu o pa\u00eds.<br><br>O presidente eleito aproveitou para deixar um recado ao Governo de Lu\u00eds Montenegro,\u00a0<strong>prometendo que n\u00e3o ir\u00e1 aceitar burocracias no que diz respeito aos apoios anunciados para as regi\u00f5es afetadas pelo mau tempo<\/strong>.<br><br>O socialista vincou que \u201ca solidariedade dos portugueses foi heroica\u201d, mas \u201cn\u00e3o pode nunca substituir a responsabilidade do Estado\u201d.<br><br>\u201cOs 2,5 mil milh\u00f5es de euros prometidos para a reconstru\u00e7\u00e3o t\u00eam de chegar ao terreno agora. Disse que n\u00e3o aceitar\u00e1 burocracias que impe\u00e7am a chegada dos apoios a quem j\u00e1 perdeu tanto ou mesmo tudo\u201d, assegurou, adiantando que ir\u00e1 visitar as zonas afetadas para garantir que os apoios est\u00e3o a chegar.<\/p>\n\n\n<div \n    class=\"align wp-block-scb-sound-cloud\"    id=\"scbSoundCloud-1\"\n    data-attributes='{&quot;cId&quot;:&quot;570648c1-f&quot;,&quot;tracks&quot;:[{&quot;url&quot;:&quot;https:\\\/\\\/soundcloud.com\\\/radio-mais-luanda\\\/o-novo-presidente-de-portugal?si=532efce61dd540b0adf8ed06e4716817&amp;utm_source=clipboard&amp;utm_medium=text&amp;utm_campaign=social_sharing&quot;,&quot;startTrack&quot;:0}],&quot;alignment&quot;:&quot;center&quot;,&quot;align&quot;:&quot;&quot;,&quot;options&quot;:{&quot;isAutoPlay&quot;:true,&quot;color&quot;:&quot;#f50&quot;,&quot;isBuying&quot;:true,&quot;isSharing&quot;:true,&quot;isDownload&quot;:true,&quot;isArtWork&quot;:true,&quot;isPlayCount&quot;:true,&quot;isUser&quot;:true,&quot;isSingleActive&quot;:true,&quot;isComments&quot;:true,&quot;isVisual&quot;:false,&quot;isTeaser&quot;:false,&quot;isHideRelated&quot;:false},&quot;iframeStyle&quot;:{&quot;width&quot;:&quot;100%&quot;,&quot;height&quot;:&quot;170px&quot;},&quot;frameBorder&quot;:{&quot;color&quot;:&quot;#000&quot;,&quot;style&quot;:&quot;solid&quot;,&quot;width&quot;:&quot;1px&quot;},&quot;frameBRadius&quot;:{&quot;top&quot;:&quot;3px&quot;,&quot;bottom&quot;:&quot;3px&quot;,&quot;left&quot;:&quot;3px&quot;,&quot;right&quot;:&quot;3px&quot;},&quot;frameBoxShadow&quot;:[]}'>\n<\/div>\n\n \n      ","protected":false},"excerpt":{"rendered":"<p>O novo Presidente de Portugal, Ant\u00f3nio Jos\u00e9 Seguro, mostrou solidariedade com as v\u00edtimascausadas pela cat\u00e1strofe que atingiu o pa\u00eds. O presidente eleito aproveitou para deixar um recado ao Governo de Lu\u00eds Montenegro,\u00a0prometendo que n\u00e3o ir\u00e1 aceitar burocracias no que diz respeito aos apoios anunciados para as regi\u00f5es afetadas pelo mau tempo. O socialista vincou que [&hellip;]<\/p>\n","protected":false},"author":3,"featured_media":4737,"comment_status":"open","ping_status":"open","sticky":false,"template":"","format":"standard","meta":{"footnotes":""},"categories":[16],"tags":[2005,2004,2006],"class_list":["post-4736","post","type-post","status-publish","format-standard","has-post-thumbnail","hentry","category-actualidade","tag-antonio-jose-seguro","tag-catastrofe-que-atingiu-portugal","tag-mostrou-solidariedade"],"blocksy_meta":[],"_links":{"self":[{"href":"https:\/\/www.radiomais.ao\/index.php\/wp-json\/wp\/v2\/posts\/4736","targetHints":{"allow":["GET"]}}],"collection":[{"href":"https:\/\/www.radiomais.ao\/index.php\/wp-json\/wp\/v2\/posts"}],"about":[{"href":"https:\/\/www.radiomais.ao\/index.php\/wp-json\/wp\/v2\/types\/post"}],"author":[{"embeddable":true,"href":"https:\/\/www.radiomais.ao\/index.php\/wp-json\/wp\/v2\/users\/3"}],"replies":[{"embeddable":true,"href":"https:\/\/www.radiomais.ao\/index.php\/wp-json\/wp\/v2\/comments?post=4736"}],"version-history":[{"count":1,"href":"https:\/\/www.radiomais.ao\/index.php\/wp-json\/wp\/v2\/posts\/4736\/revisions"}],"predecessor-version":[{"id":4738,"href":"https:\/\/www.radiomais.ao\/index.php\/wp-json\/wp\/v2\/posts\/4736\/revisions\/4738"}],"wp:featuredmedia":[{"embeddable":true,"href":"https:\/\/www.radiomais.ao\/index.php\/wp-json\/wp\/v2\/media\/4737"}],"wp:attachment":[{"href":"https:\/\/www.radiomais.ao\/index.php\/wp-json\/wp\/v2\/media?parent=4736"}],"wp:term":[{"taxonomy":"category","embeddable":true,"href":"https:\/\/www.radiomais.ao\/index.php\/wp-json\/wp\/v2\/categories?post=4736"},{"taxonomy":"post_tag","embeddable":true,"href":"https:\/\/www.radiomais.ao\/index.php\/wp-json\/wp\/v2\/tags?post=4736"}],"curies":[{"name":"wp","href":"https:\/\/api.w.org\/{rel}","templated":true}]}}