{"id":4742,"date":"2026-02-09T10:51:39","date_gmt":"2026-02-09T09:51:39","guid":{"rendered":"https:\/\/www.radiomais.ao\/?p=4742"},"modified":"2026-02-09T10:51:39","modified_gmt":"2026-02-09T09:51:39","slug":"inflacao-recua-113-pontos-percentuais","status":"publish","type":"post","link":"https:\/\/www.radiomais.ao\/index.php\/2026\/02\/09\/inflacao-recua-113-pontos-percentuais\/","title":{"rendered":"Infla\u00e7\u00e3o recua 1,13 pontos percentuais."},"content":{"rendered":"\n<p>O \u00cdndice de Pre\u00e7os no Consumidor Nacional registou, em Janeiro de 2026 uma varia\u00e7\u00e3o hom\u00f3loga de 14,56%, menos 1,13 pontos percentuais face a Dezembro de 2025 e 11,92 abaixo do n\u00edvel observado em Janeiro do ano passado.<\/p>\n\n\n\n<p>De acordo com economista Tchimbilundo de Paiva, a modera\u00e7\u00e3o da infla\u00e7\u00e3o tem sido sustentada por factores como: a estabilidade cambial do kwanza, o refor\u00e7o gradual da oferta de bens essenciais e medidas de pol\u00edtica econ\u00f3mica.<\/p>\n\n\n<div \n    class=\"align wp-block-scb-sound-cloud\"    id=\"scbSoundCloud-1\"\n    data-attributes='{&quot;cId&quot;:&quot;7785b7a2-c&quot;,&quot;tracks&quot;:[{&quot;url&quot;:&quot;https:\\\/\\\/soundcloud.com\\\/radio-mais-luanda\\\/inflacao-recua-1-13-pontos?si=bd9750e0ce7b4768bd62ba03f9fc2ce4&amp;utm_source=clipboard&amp;utm_medium=text&amp;utm_campaign=social_sharing&quot;,&quot;startTrack&quot;:0}],&quot;alignment&quot;:&quot;center&quot;,&quot;align&quot;:&quot;&quot;,&quot;options&quot;:{&quot;isAutoPlay&quot;:true,&quot;color&quot;:&quot;#f50&quot;,&quot;isBuying&quot;:true,&quot;isSharing&quot;:true,&quot;isDownload&quot;:true,&quot;isArtWork&quot;:true,&quot;isPlayCount&quot;:true,&quot;isUser&quot;:true,&quot;isSingleActive&quot;:true,&quot;isComments&quot;:true,&quot;isVisual&quot;:false,&quot;isTeaser&quot;:false,&quot;isHideRelated&quot;:false},&quot;iframeStyle&quot;:{&quot;width&quot;:&quot;100%&quot;,&quot;height&quot;:&quot;170px&quot;},&quot;frameBorder&quot;:{&quot;color&quot;:&quot;#000&quot;,&quot;style&quot;:&quot;solid&quot;,&quot;width&quot;:&quot;1px&quot;},&quot;frameBRadius&quot;:{&quot;top&quot;:&quot;3px&quot;,&quot;bottom&quot;:&quot;3px&quot;,&quot;left&quot;:&quot;3px&quot;,&quot;right&quot;:&quot;3px&quot;},&quot;frameBoxShadow&quot;:[]}'>\n<\/div>\n\n \n      ","protected":false},"excerpt":{"rendered":"<p>O \u00cdndice de Pre\u00e7os no Consumidor Nacional registou, em Janeiro de 2026 uma varia\u00e7\u00e3o hom\u00f3loga de 14,56%, menos 1,13 pontos percentuais face a Dezembro de 2025 e 11,92 abaixo do n\u00edvel observado em Janeiro do ano passado. De acordo com economista Tchimbilundo de Paiva, a modera\u00e7\u00e3o da infla\u00e7\u00e3o tem sido sustentada por factores como: a [&hellip;]<\/p>\n","protected":false},"author":3,"featured_media":4743,"comment_status":"open","ping_status":"open","sticky":false,"template":"","format":"standard","meta":{"footnotes":""},"categories":[16],"tags":[2009,2008],"class_list":["post-4742","post","type-post","status-publish","format-standard","has-post-thumbnail","hentry","category-actualidade","tag-13-pontos","tag-inflacao-recua-1"],"blocksy_meta":[],"_links":{"self":[{"href":"https:\/\/www.radiomais.ao\/index.php\/wp-json\/wp\/v2\/posts\/4742","targetHints":{"allow":["GET"]}}],"collection":[{"href":"https:\/\/www.radiomais.ao\/index.php\/wp-json\/wp\/v2\/posts"}],"about":[{"href":"https:\/\/www.radiomais.ao\/index.php\/wp-json\/wp\/v2\/types\/post"}],"author":[{"embeddable":true,"href":"https:\/\/www.radiomais.ao\/index.php\/wp-json\/wp\/v2\/users\/3"}],"replies":[{"embeddable":true,"href":"https:\/\/www.radiomais.ao\/index.php\/wp-json\/wp\/v2\/comments?post=4742"}],"version-history":[{"count":1,"href":"https:\/\/www.radiomais.ao\/index.php\/wp-json\/wp\/v2\/posts\/4742\/revisions"}],"predecessor-version":[{"id":4744,"href":"https:\/\/www.radiomais.ao\/index.php\/wp-json\/wp\/v2\/posts\/4742\/revisions\/4744"}],"wp:featuredmedia":[{"embeddable":true,"href":"https:\/\/www.radiomais.ao\/index.php\/wp-json\/wp\/v2\/media\/4743"}],"wp:attachment":[{"href":"https:\/\/www.radiomais.ao\/index.php\/wp-json\/wp\/v2\/media?parent=4742"}],"wp:term":[{"taxonomy":"category","embeddable":true,"href":"https:\/\/www.radiomais.ao\/index.php\/wp-json\/wp\/v2\/categories?post=4742"},{"taxonomy":"post_tag","embeddable":true,"href":"https:\/\/www.radiomais.ao\/index.php\/wp-json\/wp\/v2\/tags?post=4742"}],"curies":[{"name":"wp","href":"https:\/\/api.w.org\/{rel}","templated":true}]}}