{"id":4745,"date":"2026-02-09T12:05:43","date_gmt":"2026-02-09T11:05:43","guid":{"rendered":"https:\/\/www.radiomais.ao\/?p=4745"},"modified":"2026-02-09T12:05:43","modified_gmt":"2026-02-09T11:05:43","slug":"o-municipio-do-quessua-em-implementa-uma-nova-estrategia-para-o-reordenamento-do-transito-e-do-comercio-informal","status":"publish","type":"post","link":"https:\/\/www.radiomais.ao\/index.php\/2026\/02\/09\/o-municipio-do-quessua-em-implementa-uma-nova-estrategia-para-o-reordenamento-do-transito-e-do-comercio-informal\/","title":{"rendered":"O munic\u00edpio do Qu\u00e9ssua em implementa uma nova estrat\u00e9gia para o reordenamento do tr\u00e2nsito e do com\u00e9rcio informal."},"content":{"rendered":"\n<p>A partir de ter\u00e7a-feira, a Administra\u00e7\u00e3o local inicia a retirada de todos os vendedores das bermas e cal\u00e7adas das ruas da cidade, visando organizar o espa\u00e7o p\u00fablico e melhorar a circula\u00e7\u00e3o de pedestres e ve\u00edculos.<\/p>\n\n\n<div \n    class=\"align wp-block-scb-sound-cloud\"    id=\"scbSoundCloud-1\"\n    data-attributes='{&quot;cId&quot;:&quot;4b40626a-5&quot;,&quot;tracks&quot;:[{&quot;url&quot;:&quot;https:\\\/\\\/soundcloud.com\\\/radio-mais-luanda\\\/o-municipio-do-quessua-em?si=e1a6c75cd454487e8331fa76ae9cb745&amp;utm_source=clipboard&amp;utm_medium=text&amp;utm_campaign=social_sharing&quot;,&quot;startTrack&quot;:0}],&quot;alignment&quot;:&quot;center&quot;,&quot;align&quot;:&quot;&quot;,&quot;options&quot;:{&quot;isAutoPlay&quot;:true,&quot;color&quot;:&quot;#f50&quot;,&quot;isBuying&quot;:true,&quot;isSharing&quot;:true,&quot;isDownload&quot;:true,&quot;isArtWork&quot;:true,&quot;isPlayCount&quot;:true,&quot;isUser&quot;:true,&quot;isSingleActive&quot;:true,&quot;isComments&quot;:true,&quot;isVisual&quot;:false,&quot;isTeaser&quot;:false,&quot;isHideRelated&quot;:false},&quot;iframeStyle&quot;:{&quot;width&quot;:&quot;100%&quot;,&quot;height&quot;:&quot;170px&quot;},&quot;frameBorder&quot;:{&quot;color&quot;:&quot;#000&quot;,&quot;style&quot;:&quot;solid&quot;,&quot;width&quot;:&quot;1px&quot;},&quot;frameBRadius&quot;:{&quot;top&quot;:&quot;3px&quot;,&quot;bottom&quot;:&quot;3px&quot;,&quot;left&quot;:&quot;3px&quot;,&quot;right&quot;:&quot;3px&quot;},&quot;frameBoxShadow&quot;:[]}'>\n<\/div>\n\n \n      ","protected":false},"excerpt":{"rendered":"<p>A partir de ter\u00e7a-feira, a Administra\u00e7\u00e3o local inicia a retirada de todos os vendedores das bermas e cal\u00e7adas das ruas da cidade, visando organizar o espa\u00e7o p\u00fablico e melhorar a circula\u00e7\u00e3o de pedestres e ve\u00edculos.<\/p>\n","protected":false},"author":3,"featured_media":4746,"comment_status":"open","ping_status":"open","sticky":false,"template":"","format":"standard","meta":{"footnotes":""},"categories":[16],"tags":[221,2010,2011],"class_list":["post-4745","post","type-post","status-publish","format-standard","has-post-thumbnail","hentry","category-actualidade","tag-malanje","tag-quessua","tag-reordenamento"],"blocksy_meta":[],"_links":{"self":[{"href":"https:\/\/www.radiomais.ao\/index.php\/wp-json\/wp\/v2\/posts\/4745","targetHints":{"allow":["GET"]}}],"collection":[{"href":"https:\/\/www.radiomais.ao\/index.php\/wp-json\/wp\/v2\/posts"}],"about":[{"href":"https:\/\/www.radiomais.ao\/index.php\/wp-json\/wp\/v2\/types\/post"}],"author":[{"embeddable":true,"href":"https:\/\/www.radiomais.ao\/index.php\/wp-json\/wp\/v2\/users\/3"}],"replies":[{"embeddable":true,"href":"https:\/\/www.radiomais.ao\/index.php\/wp-json\/wp\/v2\/comments?post=4745"}],"version-history":[{"count":1,"href":"https:\/\/www.radiomais.ao\/index.php\/wp-json\/wp\/v2\/posts\/4745\/revisions"}],"predecessor-version":[{"id":4747,"href":"https:\/\/www.radiomais.ao\/index.php\/wp-json\/wp\/v2\/posts\/4745\/revisions\/4747"}],"wp:featuredmedia":[{"embeddable":true,"href":"https:\/\/www.radiomais.ao\/index.php\/wp-json\/wp\/v2\/media\/4746"}],"wp:attachment":[{"href":"https:\/\/www.radiomais.ao\/index.php\/wp-json\/wp\/v2\/media?parent=4745"}],"wp:term":[{"taxonomy":"category","embeddable":true,"href":"https:\/\/www.radiomais.ao\/index.php\/wp-json\/wp\/v2\/categories?post=4745"},{"taxonomy":"post_tag","embeddable":true,"href":"https:\/\/www.radiomais.ao\/index.php\/wp-json\/wp\/v2\/tags?post=4745"}],"curies":[{"name":"wp","href":"https:\/\/api.w.org\/{rel}","templated":true}]}}