{"id":4748,"date":"2026-02-09T12:28:12","date_gmt":"2026-02-09T11:28:12","guid":{"rendered":"https:\/\/www.radiomais.ao\/?p=4748"},"modified":"2026-02-09T12:28:12","modified_gmt":"2026-02-09T11:28:12","slug":"pr-afirmou-o-governo-vai-reforcar-os-investimentos-na-educacao","status":"publish","type":"post","link":"https:\/\/www.radiomais.ao\/index.php\/2026\/02\/09\/pr-afirmou-o-governo-vai-reforcar-os-investimentos-na-educacao\/","title":{"rendered":"PR afirmou: &#8221; o governo vai refor\u00e7ar os investimentos na educa\u00e7\u00e3o&#8221;."},"content":{"rendered":"\n<p>O Presidente da Rep\u00fablica afirmou, esta segunda-feira, que o governo vai refor\u00e7ar os investimentos na educa\u00e7\u00e3o, com prioridade para a constru\u00e7\u00e3o de mais escolas, sobretudo do ensino prim\u00e1rio, para reduzir o elevado n\u00famero de crian\u00e7as fora do sistema de ensino em Angola.<\/p>\n\n\n\n<p>A posi\u00e7\u00e3o foi assumida durante a cerim\u00f3nia de tomada de posse da nova ministra da Educa\u00e7\u00e3o, \u00c9rika Linete Aires, que destacou ainda a import\u00e2ncia da forma\u00e7\u00e3o e valoriza\u00e7\u00e3o dos professores, da expans\u00e3o da rede escolar e do fortalecimento da gest\u00e3o educativa.<\/p>\n\n\n<div \n    class=\"align wp-block-scb-sound-cloud\"    id=\"scbSoundCloud-1\"\n    data-attributes='{&quot;cId&quot;:&quot;86bf7d90-4&quot;,&quot;tracks&quot;:[{&quot;url&quot;:&quot;https:\\\/\\\/soundcloud.com\\\/radio-mais-luanda\\\/o-presidente-da-republica?si=2bd601e9f58447faaddc1cb108873b29&amp;utm_source=clipboard&amp;utm_medium=text&amp;utm_campaign=social_sharing&quot;,&quot;startTrack&quot;:0}],&quot;alignment&quot;:&quot;center&quot;,&quot;align&quot;:&quot;&quot;,&quot;options&quot;:{&quot;isAutoPlay&quot;:true,&quot;color&quot;:&quot;#f50&quot;,&quot;isBuying&quot;:true,&quot;isSharing&quot;:true,&quot;isDownload&quot;:true,&quot;isArtWork&quot;:true,&quot;isPlayCount&quot;:true,&quot;isUser&quot;:true,&quot;isSingleActive&quot;:true,&quot;isComments&quot;:true,&quot;isVisual&quot;:false,&quot;isTeaser&quot;:false,&quot;isHideRelated&quot;:false},&quot;iframeStyle&quot;:{&quot;width&quot;:&quot;100%&quot;,&quot;height&quot;:&quot;170px&quot;},&quot;frameBorder&quot;:{&quot;color&quot;:&quot;#000&quot;,&quot;style&quot;:&quot;solid&quot;,&quot;width&quot;:&quot;1px&quot;},&quot;frameBRadius&quot;:{&quot;top&quot;:&quot;3px&quot;,&quot;bottom&quot;:&quot;3px&quot;,&quot;left&quot;:&quot;3px&quot;,&quot;right&quot;:&quot;3px&quot;},&quot;frameBoxShadow&quot;:[]}'>\n<\/div>\n\n \n      ","protected":false},"excerpt":{"rendered":"<p>O Presidente da Rep\u00fablica afirmou, esta segunda-feira, que o governo vai refor\u00e7ar os investimentos na educa\u00e7\u00e3o, com prioridade para a constru\u00e7\u00e3o de mais escolas, sobretudo do ensino prim\u00e1rio, para reduzir o elevado n\u00famero de crian\u00e7as fora do sistema de ensino em Angola. A posi\u00e7\u00e3o foi assumida durante a cerim\u00f3nia de tomada de posse da nova [&hellip;]<\/p>\n","protected":false},"author":3,"featured_media":4749,"comment_status":"open","ping_status":"open","sticky":false,"template":"","format":"standard","meta":{"footnotes":""},"categories":[16],"tags":[312,2012],"class_list":["post-4748","post","type-post","status-publish","format-standard","has-post-thumbnail","hentry","category-actualidade","tag-governo","tag-investimentos-na-educacao"],"blocksy_meta":[],"_links":{"self":[{"href":"https:\/\/www.radiomais.ao\/index.php\/wp-json\/wp\/v2\/posts\/4748","targetHints":{"allow":["GET"]}}],"collection":[{"href":"https:\/\/www.radiomais.ao\/index.php\/wp-json\/wp\/v2\/posts"}],"about":[{"href":"https:\/\/www.radiomais.ao\/index.php\/wp-json\/wp\/v2\/types\/post"}],"author":[{"embeddable":true,"href":"https:\/\/www.radiomais.ao\/index.php\/wp-json\/wp\/v2\/users\/3"}],"replies":[{"embeddable":true,"href":"https:\/\/www.radiomais.ao\/index.php\/wp-json\/wp\/v2\/comments?post=4748"}],"version-history":[{"count":1,"href":"https:\/\/www.radiomais.ao\/index.php\/wp-json\/wp\/v2\/posts\/4748\/revisions"}],"predecessor-version":[{"id":4750,"href":"https:\/\/www.radiomais.ao\/index.php\/wp-json\/wp\/v2\/posts\/4748\/revisions\/4750"}],"wp:featuredmedia":[{"embeddable":true,"href":"https:\/\/www.radiomais.ao\/index.php\/wp-json\/wp\/v2\/media\/4749"}],"wp:attachment":[{"href":"https:\/\/www.radiomais.ao\/index.php\/wp-json\/wp\/v2\/media?parent=4748"}],"wp:term":[{"taxonomy":"category","embeddable":true,"href":"https:\/\/www.radiomais.ao\/index.php\/wp-json\/wp\/v2\/categories?post=4748"},{"taxonomy":"post_tag","embeddable":true,"href":"https:\/\/www.radiomais.ao\/index.php\/wp-json\/wp\/v2\/tags?post=4748"}],"curies":[{"name":"wp","href":"https:\/\/api.w.org\/{rel}","templated":true}]}}