{"id":4770,"date":"2026-02-10T09:18:28","date_gmt":"2026-02-10T08:18:28","guid":{"rendered":"https:\/\/www.radiomais.ao\/?p=4770"},"modified":"2026-02-10T09:18:28","modified_gmt":"2026-02-10T08:18:28","slug":"presidente-da-republica-nao-quer-criancas-fora-do-sistema-normal-de-ensino","status":"publish","type":"post","link":"https:\/\/www.radiomais.ao\/index.php\/2026\/02\/10\/presidente-da-republica-nao-quer-criancas-fora-do-sistema-normal-de-ensino\/","title":{"rendered":"Presidente da Rep\u00fablica n\u00e3o quer crian\u00e7as fora do sistema normal de ensino."},"content":{"rendered":"\n<p><strong>O Presidente da Rep\u00fablica orientou a nova ministra da Educa\u00e7\u00e3o a tudo fazer para que n\u00e3o haja uma \u00fanica crian\u00e7a que n\u00e3o tenha acesso \u00e0 escola, \u00e0 educa\u00e7\u00e3o, sendo esta uma ferramenta importante para o desenvolvimento de qualquer pa\u00eds, aliada \u00e0 manuten\u00e7\u00e3o da qualidade<\/strong>.<\/p>\n\n\n\n<p>J\u00e1 est\u00e1 em fun\u00e7\u00f5es a nova ministra de Educa\u00e7\u00e3o, Erika Linete Batalha de Carvalho Aires, nomeada na \u00faltima Sexta-feira, 6, a quem o Presidente da Rep\u00fablica recomendou a tudo fazer para que n\u00e3o haja crian\u00e7as fora do sistema regular de ensino.<\/p>\n\n\n\n<p>O Chefe de Estado fez essa recomenda\u00e7\u00e3o ontem, durante o acto de tomada de posse da ministra da Educa\u00e7\u00e3o Erika Aires, tendo igualmente reconhecido que a taxa de crian\u00e7as nessa condi\u00e7\u00e3o \u00e9 alta, sobretudo por insufici\u00eancia de salas de aula. \u201cA educa\u00e7\u00e3o e ensino s\u00e3o muito importantes para o desenvolvimento de qualquer pa\u00eds, de qualquer sociedade.<\/p>\n\n\n\n<p>N\u00f3s acabamos de lhe confiar a responsabilidade de, n\u00e3o s\u00f3 melhorar a qualidade do nosso ensino, mas tamb\u00e9m tudo fazer para que n\u00e3o haja uma \u00fanica crian\u00e7a que n\u00e3o tenha acesso \u00e0 escola, \u00e0 educa\u00e7\u00e3o\u201d, recomendou. O Presidente da Rep\u00fablica deu a nota de que a press\u00e3o demogr\u00e1fica \u00e9 grande, embora muito se tenha constru\u00eddo, no \u00e2mbito do PIIM e n\u00e3o s\u00f3, mas mesmo assim a taxa de crian\u00e7as fora da escola continua alta. Ler mais em<strong><em><a href=\"https:\/\/www.opais.ao\/politica\/presidente-da-republica-nao-quer-criancas-fora-do-sistema-normal-de-ensino\/\"> Opa\u00eds<\/a><\/em><\/strong><\/p>\n\n\n\n<p><\/p>\n","protected":false},"excerpt":{"rendered":"<p>O Presidente da Rep\u00fablica orientou a nova ministra da Educa\u00e7\u00e3o a tudo fazer para que n\u00e3o haja uma \u00fanica crian\u00e7a que n\u00e3o tenha acesso \u00e0 escola, \u00e0 educa\u00e7\u00e3o, sendo esta uma ferramenta importante para o desenvolvimento de qualquer pa\u00eds, aliada \u00e0 manuten\u00e7\u00e3o da qualidade. J\u00e1 est\u00e1 em fun\u00e7\u00f5es a nova ministra de Educa\u00e7\u00e3o, Erika Linete [&hellip;]<\/p>\n","protected":false},"author":3,"featured_media":4225,"comment_status":"open","ping_status":"open","sticky":false,"template":"","format":"standard","meta":{"footnotes":""},"categories":[16],"tags":[115,2021],"class_list":["post-4770","post","type-post","status-publish","format-standard","has-post-thumbnail","hentry","category-actualidade","tag-presidente-da-republica","tag-presidente-da-republica-nao-quer-criancas-fora-do-sistema-normal-de-ensino"],"blocksy_meta":[],"_links":{"self":[{"href":"https:\/\/www.radiomais.ao\/index.php\/wp-json\/wp\/v2\/posts\/4770","targetHints":{"allow":["GET"]}}],"collection":[{"href":"https:\/\/www.radiomais.ao\/index.php\/wp-json\/wp\/v2\/posts"}],"about":[{"href":"https:\/\/www.radiomais.ao\/index.php\/wp-json\/wp\/v2\/types\/post"}],"author":[{"embeddable":true,"href":"https:\/\/www.radiomais.ao\/index.php\/wp-json\/wp\/v2\/users\/3"}],"replies":[{"embeddable":true,"href":"https:\/\/www.radiomais.ao\/index.php\/wp-json\/wp\/v2\/comments?post=4770"}],"version-history":[{"count":1,"href":"https:\/\/www.radiomais.ao\/index.php\/wp-json\/wp\/v2\/posts\/4770\/revisions"}],"predecessor-version":[{"id":4771,"href":"https:\/\/www.radiomais.ao\/index.php\/wp-json\/wp\/v2\/posts\/4770\/revisions\/4771"}],"wp:featuredmedia":[{"embeddable":true,"href":"https:\/\/www.radiomais.ao\/index.php\/wp-json\/wp\/v2\/media\/4225"}],"wp:attachment":[{"href":"https:\/\/www.radiomais.ao\/index.php\/wp-json\/wp\/v2\/media?parent=4770"}],"wp:term":[{"taxonomy":"category","embeddable":true,"href":"https:\/\/www.radiomais.ao\/index.php\/wp-json\/wp\/v2\/categories?post=4770"},{"taxonomy":"post_tag","embeddable":true,"href":"https:\/\/www.radiomais.ao\/index.php\/wp-json\/wp\/v2\/tags?post=4770"}],"curies":[{"name":"wp","href":"https:\/\/api.w.org\/{rel}","templated":true}]}}