{"id":4772,"date":"2026-02-10T09:45:22","date_gmt":"2026-02-10T08:45:22","guid":{"rendered":"https:\/\/www.radiomais.ao\/?p=4772"},"modified":"2026-02-10T09:45:22","modified_gmt":"2026-02-10T08:45:22","slug":"tribunal-constitucional-vai-usar-inteligencia-artificial-para-detectar-fraudes-digitais-nos-processos-eleitorais","status":"publish","type":"post","link":"https:\/\/www.radiomais.ao\/index.php\/2026\/02\/10\/tribunal-constitucional-vai-usar-inteligencia-artificial-para-detectar-fraudes-digitais-nos-processos-eleitorais\/","title":{"rendered":"Tribunal Constitucional vai usar intelig\u00eancia artificial para detectar fraudes digitais nos processos eleitorais."},"content":{"rendered":"\n<p><strong>O Tribunal Constitucional (TC) prev\u00ea introduzir, este ano, solu\u00e7\u00f5es de intelig\u00eancia artificial para a detec\u00e7\u00e3o de fraudes digitais, no quadro da moderniza\u00e7\u00e3o dos sistemas eleitorais e de processamento de dados, um investimento avaliado em mais de 2,4 mil milh\u00f5es de kwanzas, segundo o Plano Anual de Contrata\u00e7\u00e3o da institui\u00e7\u00e3o<\/strong>.<\/p>\n\n\n\n<p>A medida faz parte de uma s\u00e9rie de medidas que o TC descreve, no referido plano, como necess\u00e1rias para a evolu\u00e7\u00e3o do sistema de gest\u00e3o eleitoral, que inclui tamb\u00e9m a valida\u00e7\u00e3o e certifica\u00e7\u00e3o do Centro de Processamento de Dados (CPD), o desenvolvimento e implementa\u00e7\u00e3o de sistemas integrados de gest\u00e3o do processo eleitoral, bem como a actualiza\u00e7\u00e3o da plataforma digital de agendamento e recep\u00e7\u00e3o de candidaturas.<\/p>\n\n\n\n<p>Segundo documento a que o jornal OPA\u00cdS teve acesso, o pacote contempla ainda o licenciamento de software especializado e a realiza\u00e7\u00e3o de auditorias t\u00e9cnicas e testes de intrus\u00e3o (pentests) ao ecossistema eleitoral. O plano prev\u00ea igualmente a aquisi\u00e7\u00e3o de viaturas para apoio ao processo eleitoral de 2027, com um custo estimado em 3,8 mil milh\u00f5es de kwanzas, destinadas ao refor\u00e7o da log\u00edstica e mobilidade operacional durante as fases de prepara\u00e7\u00e3o e execu\u00e7\u00e3o do pleito. Ler mais em<strong><em><a href=\"https:\/\/www.opais.ao\/politica\/tribunal-constitucional-vai-usar-inteligencia-artificial-para-detectar-fraudes-digitais-nos-processos-eleitorais\/\"> Opa\u00eds<\/a><\/em><\/strong><\/p>\n","protected":false},"excerpt":{"rendered":"<p>O Tribunal Constitucional (TC) prev\u00ea introduzir, este ano, solu\u00e7\u00f5es de intelig\u00eancia artificial para a detec\u00e7\u00e3o de fraudes digitais, no quadro da moderniza\u00e7\u00e3o dos sistemas eleitorais e de processamento de dados, um investimento avaliado em mais de 2,4 mil milh\u00f5es de kwanzas, segundo o Plano Anual de Contrata\u00e7\u00e3o da institui\u00e7\u00e3o. A medida faz parte de uma [&hellip;]<\/p>\n","protected":false},"author":3,"featured_media":4773,"comment_status":"open","ping_status":"open","sticky":false,"template":"","format":"standard","meta":{"footnotes":""},"categories":[16],"tags":[1823,536],"class_list":["post-4772","post","type-post","status-publish","format-standard","has-post-thumbnail","hentry","category-actualidade","tag-inteligencia-artificial","tag-tc"],"blocksy_meta":[],"_links":{"self":[{"href":"https:\/\/www.radiomais.ao\/index.php\/wp-json\/wp\/v2\/posts\/4772","targetHints":{"allow":["GET"]}}],"collection":[{"href":"https:\/\/www.radiomais.ao\/index.php\/wp-json\/wp\/v2\/posts"}],"about":[{"href":"https:\/\/www.radiomais.ao\/index.php\/wp-json\/wp\/v2\/types\/post"}],"author":[{"embeddable":true,"href":"https:\/\/www.radiomais.ao\/index.php\/wp-json\/wp\/v2\/users\/3"}],"replies":[{"embeddable":true,"href":"https:\/\/www.radiomais.ao\/index.php\/wp-json\/wp\/v2\/comments?post=4772"}],"version-history":[{"count":1,"href":"https:\/\/www.radiomais.ao\/index.php\/wp-json\/wp\/v2\/posts\/4772\/revisions"}],"predecessor-version":[{"id":4774,"href":"https:\/\/www.radiomais.ao\/index.php\/wp-json\/wp\/v2\/posts\/4772\/revisions\/4774"}],"wp:featuredmedia":[{"embeddable":true,"href":"https:\/\/www.radiomais.ao\/index.php\/wp-json\/wp\/v2\/media\/4773"}],"wp:attachment":[{"href":"https:\/\/www.radiomais.ao\/index.php\/wp-json\/wp\/v2\/media?parent=4772"}],"wp:term":[{"taxonomy":"category","embeddable":true,"href":"https:\/\/www.radiomais.ao\/index.php\/wp-json\/wp\/v2\/categories?post=4772"},{"taxonomy":"post_tag","embeddable":true,"href":"https:\/\/www.radiomais.ao\/index.php\/wp-json\/wp\/v2\/tags?post=4772"}],"curies":[{"name":"wp","href":"https:\/\/api.w.org\/{rel}","templated":true}]}}