{"id":4775,"date":"2026-02-10T09:52:01","date_gmt":"2026-02-10T08:52:01","guid":{"rendered":"https:\/\/www.radiomais.ao\/?p=4775"},"modified":"2026-02-10T09:52:01","modified_gmt":"2026-02-10T08:52:01","slug":"empresas-e-investidores-australianos-convidados-a-reforcarem-presenca-em-angola","status":"publish","type":"post","link":"https:\/\/www.radiomais.ao\/index.php\/2026\/02\/10\/empresas-e-investidores-australianos-convidados-a-reforcarem-presenca-em-angola\/","title":{"rendered":"Empresas e investidores australianos convidados a refor\u00e7arem presen\u00e7a em Angola."},"content":{"rendered":"\n<p><strong>O ministro dos Recursos Minerais, Petr\u00f3leo e G\u00e1s, Diamantino Azevedo, destacou, ontem, na \u00c1frica do Sul, as potencialidades mineiras do pa\u00eds e convidou empresas e investidores australianos a refor\u00e7arem a sua presen\u00e7a em Angola<\/strong>.<\/p>\n\n\n\n<p>Diamantino Azevedo fez este apelo na recep\u00e7\u00e3o sobre minera\u00e7\u00e3o organizada pela C\u00e2mara de Neg\u00f3cios da Austr\u00e1lia, \u00e0 margem do Mining Indaba 2026.<\/p>\n\n\n\n<p>O ministro referiu que Angola possui um portf\u00f3lio rico e diversificado, desde diamantes e ferro a minerais cr\u00edticos essenciais para a transi\u00e7\u00e3o energ\u00e9tica global, tendo sublinhado que o pa\u00eds est\u00e1 a implementar reformas legais e institucionais que asseguram previsibilidade regulat\u00f3ria, transpar\u00eancia e alinhamento com as melhores pr\u00e1ticas internacionais, criando um ambiente de neg\u00f3cios competitivo e atractivo para o investimento estrangeiro. Ler mais em <strong><em><a href=\"https:\/\/www.opais.ao\/economia\/empresas-e-investidores-australianos-convidados-a-reforcarem-presenca-em-angola\/\">Opa\u00eds<\/a><\/em><\/strong><\/p>\n","protected":false},"excerpt":{"rendered":"<p>O ministro dos Recursos Minerais, Petr\u00f3leo e G\u00e1s, Diamantino Azevedo, destacou, ontem, na \u00c1frica do Sul, as potencialidades mineiras do pa\u00eds e convidou empresas e investidores australianos a refor\u00e7arem a sua presen\u00e7a em Angola. Diamantino Azevedo fez este apelo na recep\u00e7\u00e3o sobre minera\u00e7\u00e3o organizada pela C\u00e2mara de Neg\u00f3cios da Austr\u00e1lia, \u00e0 margem do Mining Indaba [&hellip;]<\/p>\n","protected":false},"author":3,"featured_media":4776,"comment_status":"open","ping_status":"open","sticky":false,"template":"","format":"standard","meta":{"footnotes":""},"categories":[16],"tags":[2022],"class_list":["post-4775","post","type-post","status-publish","format-standard","has-post-thumbnail","hentry","category-actualidade","tag-empresas-e-investidores-australianos-convidados-a-reforcarem-presenca-em-angola"],"blocksy_meta":[],"_links":{"self":[{"href":"https:\/\/www.radiomais.ao\/index.php\/wp-json\/wp\/v2\/posts\/4775","targetHints":{"allow":["GET"]}}],"collection":[{"href":"https:\/\/www.radiomais.ao\/index.php\/wp-json\/wp\/v2\/posts"}],"about":[{"href":"https:\/\/www.radiomais.ao\/index.php\/wp-json\/wp\/v2\/types\/post"}],"author":[{"embeddable":true,"href":"https:\/\/www.radiomais.ao\/index.php\/wp-json\/wp\/v2\/users\/3"}],"replies":[{"embeddable":true,"href":"https:\/\/www.radiomais.ao\/index.php\/wp-json\/wp\/v2\/comments?post=4775"}],"version-history":[{"count":1,"href":"https:\/\/www.radiomais.ao\/index.php\/wp-json\/wp\/v2\/posts\/4775\/revisions"}],"predecessor-version":[{"id":4777,"href":"https:\/\/www.radiomais.ao\/index.php\/wp-json\/wp\/v2\/posts\/4775\/revisions\/4777"}],"wp:featuredmedia":[{"embeddable":true,"href":"https:\/\/www.radiomais.ao\/index.php\/wp-json\/wp\/v2\/media\/4776"}],"wp:attachment":[{"href":"https:\/\/www.radiomais.ao\/index.php\/wp-json\/wp\/v2\/media?parent=4775"}],"wp:term":[{"taxonomy":"category","embeddable":true,"href":"https:\/\/www.radiomais.ao\/index.php\/wp-json\/wp\/v2\/categories?post=4775"},{"taxonomy":"post_tag","embeddable":true,"href":"https:\/\/www.radiomais.ao\/index.php\/wp-json\/wp\/v2\/tags?post=4775"}],"curies":[{"name":"wp","href":"https:\/\/api.w.org\/{rel}","templated":true}]}}